{"id":242253,"date":"2025-03-18T03:35:44","date_gmt":"2025-03-18T08:35:44","guid":{"rendered":"https:\/\/reddeportiva.net\/principal\/?p=242253"},"modified":"2025-03-18T03:35:45","modified_gmt":"2025-03-18T08:35:45","slug":"ray-dalio-avisa-que-la-economia-va-hacia-un-choque-que-sera-sin-precedentes","status":"publish","type":"post","link":"https:\/\/reddeportiva.net\/principal\/?p=242253","title":{"rendered":"RAY DALIO AVISA QUE LA ECONOM\u00cdA VA HACIA UN CHOQUE QUE SER\u00c1 SIN PRECEDENTES"},"content":{"rendered":"\n<figure class=\"wp-block-embed is-type-video is-provider-youtube wp-block-embed-youtube wp-embed-aspect-16-9 wp-has-aspect-ratio\"><div class=\"wp-block-embed__wrapper\">\n<iframe loading=\"lazy\" title=\"\ud83d\udea8RAY DALIO AVISA QUE LA ECONOM\u00cdA VA HACIA UN CHOQUE QUE SER\u00c1 SIN PRECEDENTES\" width=\"625\" height=\"352\" src=\"https:\/\/www.youtube.com\/embed\/xVU0uQAfLcU?feature=oembed\" frameborder=\"0\" allow=\"accelerometer; autoplay; clipboard-write; encrypted-media; gyroscope; picture-in-picture; web-share\" referrerpolicy=\"strict-origin-when-cross-origin\" allowfullscreen><\/iframe>\n<\/div><\/figure>\n\n\n\n<p>En Reddeportiva.net hemos escuchado al alcalde de la Municipalidad Metropolitana de Lima mencionar, en relaci\u00f3n con la pista de la costa verde lime\u00f1a, que esta v\u00eda presenta cuellos de botella por la dejadez y la negligencia de las personas responsables del redise\u00f1o y reconstrucci\u00f3n de la misma, responsabilizando al entorno creado por los miembros del club de la construcci\u00f3n.\u00a0 En ese sentido, pensamos que la perniciosa influencia detectada se ha extendido a todos los sectores de la sociedad peruana, principalmente por el dominio pol\u00edtico que ejerci\u00f3 la alianza extrema conformada por la extrema derecha caracterizada por su tendencia plutocr\u00e1tica, que, junto con la extrema izquierda caracterizada por su tendencia violentista, alcanzara su m\u00e1xima expresi\u00f3n en el proceso electoral del a\u00f1o 2021 en que se eligi\u00f3 a Pedro Castillo como Presidente de la Rep\u00fablica; ambas posiciones practicantes del doble patr\u00f3n de conducta y su poca tendencia para alcanzar altos niveles de eficiencia y productividad, as\u00ed como su mucho inter\u00e9s por mantener un alto \u00edndice de pobreza en la poblaci\u00f3n, ech\u00e1ndole la culpa a sus opositores mediante narrativas muy elaboradas con el objetivo de mantenerse en las posiciones de poder, en especial a partir del a\u00f1o 2011. \u00a0De lo dicho podemos concluir que, con poca inversi\u00f3n, se pueden ejecutar planes modificando tanto organizaciones como obras p\u00fablicas dise\u00f1adas y ejecutadas defectuosamente con la perniciosa intenci\u00f3n de mantener un permanente estado de zozobra e indefensi\u00f3n, impidiendo reales soluciones de largo plazo orientadas al bien com\u00fan.<\/p>\n\n\n\n<h2 class=\"wp-block-heading\">\u00abEsta CRISIS va a ARRASAR con TODO&#8230;\u00bb &#8211; Advertencia de Ray Dalio 0:29:39<\/h2>\n\n\n\n<p>\u201c<a href=\"https:\/\/www.youtube.com\/watch?v=XhUqHUsbGco\">https:\/\/www.youtube.com\/watch?v=XhUqHUsbGco<\/a>\u201d<\/p>\n\n\n\n<h2 class=\"wp-block-heading\">\u00abLa Mayor\u00eda de la Gente NO SABE lo que est\u00e1 por venir&#8230;\u00bb &#8211; Ray Dalio 0:24:27<\/h2>\n\n\n\n<p>\u201c<a href=\"https:\/\/www.youtube.com\/watch?v=KS6FzXS_tok\">https:\/\/www.youtube.com\/watch?v=KS6FzXS_tok<\/a>\u201d<\/p>\n","protected":false},"excerpt":{"rendered":"<p>En Reddeportiva.net hemos escuchado al alcalde de la Municipalidad Metropolitana de Lima mencionar, en relaci\u00f3n con la pista de la costa verde lime\u00f1a, que esta v\u00eda presenta cuellos de botella por la dejadez y la negligencia de las personas responsables del redise\u00f1o y reconstrucci\u00f3n de la misma, responsabilizando al entorno creado por los miembros del [&hellip;]<\/p>\n","protected":false},"author":1,"featured_media":0,"comment_status":"closed","ping_status":"closed","sticky":false,"template":"","format":"standard","meta":{"_exactmetrics_skip_tracking":false,"_exactmetrics_sitenote_active":false,"_exactmetrics_sitenote_note":"","_exactmetrics_sitenote_category":0,"ngg_post_thumbnail":0,"footnotes":""},"categories":[1278,1407,1262,1357,1421,1399,1253,1290,1239,1365,1369,1296,1282,1406,1376,1326,22,1307,1202,1417,1241,1377,1358,1243,1425,1286,1498,1237,1222,1293,1223,1311,1291,1354,1404,1349,1350,1283,779,1392,36,1356,1506,1480,1495,200,1355,1465],"tags":[],"class_list":["post-242253","post","type-post","status-publish","format-standard","hentry","category-accion-politica-proyecciones","category-acuerdo-digital-proyeccion","category-acuerdos","category-alemania-proyecciones-multilateralismo","category-big-techs","category-biologia-proyeccion","category-buenas-practicas","category-cadena-de-valor","category-cambio-social","category-china-organizacion-multilateralismo-proyecciones","category-ciudadano","category-concertacion","category-control-proyecciones","category-demagogia","category-democracia","category-desarrollo","category-educacion-proyecciones","category-estado-de-derecho","category-geopolitica-proyecciones","category-global-britain","category-gobernanza","category-india","category-indo-pacific","category-institucionalidad","category-integracion-cultural","category-integridad","category-japon-organizacion-multilateralismo-proyecciones","category-libertades","category-mundo-cultural","category-mundo-laboral","category-mundo-politico","category-orden-y-disciplina","category-organizacion-internacional-proyecciones","category-otan","category-poderes-mundiales","category-primacia-de-la-realidad","category-prioridades","category-productividad","category-proyecciones","category-rectificacion","category-reddeportiva-net","category-rusia-proyecciones-multilateralismo","category-seguridad-nacional","category-sentido-a-la-vida","category-sentido-comun","category-separata-reddeportiva","category-turquia","category-ue"],"_links":{"self":[{"href":"https:\/\/reddeportiva.net\/principal\/index.php?rest_route=\/wp\/v2\/posts\/242253","targetHints":{"allow":["GET"]}}],"collection":[{"href":"https:\/\/reddeportiva.net\/principal\/index.php?rest_route=\/wp\/v2\/posts"}],"about":[{"href":"https:\/\/reddeportiva.net\/principal\/index.php?rest_route=\/wp\/v2\/types\/post"}],"author":[{"embeddable":true,"href":"https:\/\/reddeportiva.net\/principal\/index.php?rest_route=\/wp\/v2\/users\/1"}],"replies":[{"embeddable":true,"href":"https:\/\/reddeportiva.net\/principal\/index.php?rest_route=%2Fwp%2Fv2%2Fcomments&post=242253"}],"version-history":[{"count":2,"href":"https:\/\/reddeportiva.net\/principal\/index.php?rest_route=\/wp\/v2\/posts\/242253\/revisions"}],"predecessor-version":[{"id":242255,"href":"https:\/\/reddeportiva.net\/principal\/index.php?rest_route=\/wp\/v2\/posts\/242253\/revisions\/242255"}],"wp:attachment":[{"href":"https:\/\/reddeportiva.net\/principal\/index.php?rest_route=%2Fwp%2Fv2%2Fmedia&parent=242253"}],"wp:term":[{"taxonomy":"category","embeddable":true,"href":"https:\/\/reddeportiva.net\/principal\/index.php?rest_route=%2Fwp%2Fv2%2Fcategories&post=242253"},{"taxonomy":"post_tag","embeddable":true,"href":"https:\/\/reddeportiva.net\/principal\/index.php?rest_route=%2Fwp%2Fv2%2Ftags&post=242253"}],"curies":[{"name":"wp","href":"https:\/\/api.w.org\/{rel}","templated":true}]}}