{"id":242199,"date":"2025-03-11T05:00:25","date_gmt":"2025-03-11T10:00:25","guid":{"rendered":"https:\/\/reddeportiva.net\/principal\/?p=242199"},"modified":"2025-03-11T05:00:26","modified_gmt":"2025-03-11T10:00:26","slug":"china-construira-el-ferrocarril-mas-largo-de-latinoamerica-para-conectar-chancay-con-el-mundo","status":"publish","type":"post","link":"https:\/\/reddeportiva.net\/principal\/?p=242199","title":{"rendered":"CHINA construir\u00e1 el FERROCARRIL M\u00c1S LARGO DE LATINOAM\u00c9RICA para conectar CHANCAY con el MUNDO"},"content":{"rendered":"\n<figure class=\"wp-block-embed is-type-video is-provider-youtube wp-block-embed-youtube wp-embed-aspect-16-9 wp-has-aspect-ratio\"><div class=\"wp-block-embed__wrapper\">\n<iframe loading=\"lazy\" title=\"CHINA construir\u00e1 el FERROCARRIL M\u00c1S LARGO DE LATINOAM\u00c9RICA para conectar CHANCAY con el MUNDO\" width=\"625\" height=\"352\" src=\"https:\/\/www.youtube.com\/embed\/N2nYMG0Z7XQ?feature=oembed\" frameborder=\"0\" allow=\"accelerometer; autoplay; clipboard-write; encrypted-media; gyroscope; picture-in-picture; web-share\" referrerpolicy=\"strict-origin-when-cross-origin\" allowfullscreen><\/iframe>\n<\/div><\/figure>\n\n\n\n<p>En Reddeportiva.net consideramos como muy importante, para el desarrollo nacional, contar con un ferrocarril que recorra la totalidad de la costa uniendo las regiones de Tumbes con Tacna.\u00a0 Lo mismo puede decirse de otro ferrocarril que, partiendo de uno o dos puertos del norte peruano en el Oc\u00e9ano Pac\u00edfico, llegue hasta un punto navegable del r\u00edo Mara\u00f1\u00f3n, cruzando el abra de Porculla (2,137 m.s.n.m) para posibilitar la conformaci\u00f3n de un corredor bioce\u00e1nico que, partiendo desde el Oc\u00e9ano Atl\u00e1ntico, utilice el r\u00edo Amazonas como v\u00eda fluvial hasta las cercan\u00edas del Pongo de Manseriche, permitiendo el comercio internacional de dos importantes ciudades como Iquitos y Manaos, as\u00ed como de aquellas ubicadas en el litoral del norte brasile\u00f1o.\u00a0 En principio, estos ferrocarriles deber\u00e1n ser asumidos por la empresa privada, conforme al esp\u00edritu de nuestra Constituci\u00f3n, en especial si consideramos la magnitud de su financiamiento.\u00a0 En la evaluaci\u00f3n del corredor bioce\u00e1nico arriba mencionado se deber\u00e1 tener en cuenta la competencia que plantea el Canal de Panam\u00e1.\u00a0 Un segundo y hasta tercer corredor bioce\u00e1nico surgen en las zonas centro (Pasco 4,330 m.s.n.m. o Ticlio 4818 m.s.n.m.) y sur (Imata 4,519 m.s.n.m.) del Per\u00fa a trav\u00e9s de las regiones de Ucayali (154 m.s.n.m.) y de Puno (3,827 m.s.n.m.) con Madre de Dios (183 m.s.n.m.) donde estas rutas no parecen ser rentables, frente a la competencia de un canal que pudiera habilitarse en el Estrecho de Magallanes, en el que Chile tiene un proyecto de puerto de aguas profundas y la Argentina se opuso a un proyecto chino para construir otro puerto similar a la entrada del Oc\u00e9ano Atl\u00e1ntico.<\/p>\n","protected":false},"excerpt":{"rendered":"<p>En Reddeportiva.net consideramos como muy importante, para el desarrollo nacional, contar con un ferrocarril que recorra la totalidad de la costa uniendo las regiones de Tumbes con Tacna.\u00a0 Lo mismo puede decirse de otro ferrocarril que, partiendo de uno o dos puertos del norte peruano en el Oc\u00e9ano Pac\u00edfico, llegue hasta un punto navegable del [&hellip;]<\/p>\n","protected":false},"author":1,"featured_media":0,"comment_status":"closed","ping_status":"closed","sticky":false,"template":"","format":"standard","meta":{"_exactmetrics_skip_tracking":false,"_exactmetrics_sitenote_active":false,"_exactmetrics_sitenote_note":"","_exactmetrics_sitenote_category":0,"ngg_post_thumbnail":0,"footnotes":""},"categories":[1202,1297,1425,1220,1223,779,871,36,200,1336],"tags":[],"class_list":["post-242199","post","type-post","status-publish","format-standard","hentry","category-geopolitica-proyecciones","category-infraestructura-transporte-proyecciones","category-integracion-cultural","category-mundo-del-diseno","category-mundo-politico","category-proyecciones","category-proyecciones-rutas-de-comercio","category-reddeportiva-net","category-separata-reddeportiva","category-transporte"],"_links":{"self":[{"href":"https:\/\/reddeportiva.net\/principal\/index.php?rest_route=\/wp\/v2\/posts\/242199","targetHints":{"allow":["GET"]}}],"collection":[{"href":"https:\/\/reddeportiva.net\/principal\/index.php?rest_route=\/wp\/v2\/posts"}],"about":[{"href":"https:\/\/reddeportiva.net\/principal\/index.php?rest_route=\/wp\/v2\/types\/post"}],"author":[{"embeddable":true,"href":"https:\/\/reddeportiva.net\/principal\/index.php?rest_route=\/wp\/v2\/users\/1"}],"replies":[{"embeddable":true,"href":"https:\/\/reddeportiva.net\/principal\/index.php?rest_route=%2Fwp%2Fv2%2Fcomments&post=242199"}],"version-history":[{"count":2,"href":"https:\/\/reddeportiva.net\/principal\/index.php?rest_route=\/wp\/v2\/posts\/242199\/revisions"}],"predecessor-version":[{"id":242201,"href":"https:\/\/reddeportiva.net\/principal\/index.php?rest_route=\/wp\/v2\/posts\/242199\/revisions\/242201"}],"wp:attachment":[{"href":"https:\/\/reddeportiva.net\/principal\/index.php?rest_route=%2Fwp%2Fv2%2Fmedia&parent=242199"}],"wp:term":[{"taxonomy":"category","embeddable":true,"href":"https:\/\/reddeportiva.net\/principal\/index.php?rest_route=%2Fwp%2Fv2%2Fcategories&post=242199"},{"taxonomy":"post_tag","embeddable":true,"href":"https:\/\/reddeportiva.net\/principal\/index.php?rest_route=%2Fwp%2Fv2%2Ftags&post=242199"}],"curies":[{"name":"wp","href":"https:\/\/api.w.org\/{rel}","templated":true}]}}