{"id":242137,"date":"2025-02-26T06:59:30","date_gmt":"2025-02-26T11:59:30","guid":{"rendered":"https:\/\/reddeportiva.net\/principal\/?p=242137"},"modified":"2025-02-26T07:05:21","modified_gmt":"2025-02-26T12:05:21","slug":"claves-del-dia-la-oferta-de-putin-a-trump-zelensky-se-somete-a-eeuu-y-el-temor-de-china","status":"publish","type":"post","link":"https:\/\/reddeportiva.net\/principal\/?p=242137","title":{"rendered":"Claves del d\u00eda: La oferta de Putin a Trump, Zelensky se somete a EEUU y el temor de China"},"content":{"rendered":"\n<figure class=\"wp-block-embed is-type-video is-provider-youtube wp-block-embed-youtube wp-embed-aspect-16-9 wp-has-aspect-ratio\"><div class=\"wp-block-embed__wrapper\">\n<iframe loading=\"lazy\" title=\"Claves del d\u00eda: La oferta de Putin a Trump, Zelensky se somete a EEUU y el temor de China\" width=\"625\" height=\"352\" src=\"https:\/\/www.youtube.com\/embed\/k8QpIed7fyU?feature=oembed\" frameborder=\"0\" allow=\"accelerometer; autoplay; clipboard-write; encrypted-media; gyroscope; picture-in-picture; web-share\" referrerpolicy=\"strict-origin-when-cross-origin\" allowfullscreen><\/iframe>\n<\/div><\/figure>\n\n\n\n<p>En Reddeportiva.net nos da la impresi\u00f3n de que un \u201ccisne negro\u201d se apareci\u00f3 en el escenario de la crisis de Ucrania.\u00a0 Se trata del liderazgo marcado por el gobierno ingl\u00e9s en el enfrentamiento a las tropas rusas, unido a la rebeli\u00f3n dentro del DOGE y las posibles dificultades econ\u00f3micas y financieras para obtener beneficios monetarios a trav\u00e9s de los aranceles y una posible recesi\u00f3n al interior de los EE.UU. de Am\u00e9rica.\u00a0 Nuestro comentario est\u00e1 dirigido a presentarles nuestra opini\u00f3n que lo mismo est\u00e1 sucediendo con el actual gobierno peruano en cuyo entorno est\u00e1n ocurriendo eventos en que el sector privado revela su debilidad con el desplome del puente sobre el r\u00edo Chancay y el cuestionamiento a la calidad de gesti\u00f3n en uno de los m\u00e1s importantes grupos econ\u00f3micos del pa\u00eds que perjudica la estrategia de Dina Boluarte de renovar los t\u00e9rminos de la alianza pol\u00edtica extrema de la ultra derecha con la ultra izquierda.\u00a0 Estos eventos de \u201ccisnes negros\u201d generan \u201censaladas de palabras\u201d y de hechos como el de l\u00e1grimas en los ojos.<\/p>\n\n\n\n<h2 class=\"wp-block-heading\">CRIPTO NEGOCIOS: Bitcoin se desploma, p\u00e1nico extremo en el mercado Crypto y hackeo a Bybit (Plus) 0:59:13<\/h2>\n\n\n\n<p>\u201c<a href=\"https:\/\/www.youtube.com\/watch?v=XZ3LeD2OFt0\">https:\/\/www.youtube.com\/watch?v=XZ3LeD2OFt0<\/a>\u201d<\/p>\n\n\n\n<h2 class=\"wp-block-heading\">TODO ES GEOPOL\u00cdTICA: choque total EEUU-Europa, Trump se abre a enviar tropas a Ucrania y Putin avisa 0:54:33<\/h2>\n\n\n\n<p>\u201c<a href=\"https:\/\/www.youtube.com\/watch?v=YYClbG-eh2A\">https:\/\/www.youtube.com\/watch?v=YYClbG-eh2A<\/a>\u201d<\/p>\n\n\n\n<h2 class=\"wp-block-heading\">La TEOR\u00cdA del LOCO: \u00bfQue supone el PELIGROSO JUEGO de TRUMP &#8211; Vlog de Marc Vidal 0:13:40<\/h2>\n\n\n\n<p>\u201c<a href=\"https:\/\/www.youtube.com\/watch?v=jPI7IJ27Ub0\">https:\/\/www.youtube.com\/watch?v=jPI7IJ27Ub0<\/a>\u201d<\/p>\n\n\n\n<h2 class=\"wp-block-heading\">\u00daLTIMA HORA | Starmer advierte a Trump: \u00abelegir entre EEUU o Europa ser\u00eda un error hist\u00f3rico\u00bb 0:15:50<\/h2>\n\n\n\n<p>\u201c<a href=\"https:\/\/www.youtube.com\/watch?v=4ocqdN_khC8\">https:\/\/www.youtube.com\/watch?v=4ocqdN_khC8<\/a>\u201d<\/p>\n\n\n\n<h2 class=\"wp-block-heading\">\u00abTrump est\u00e1 dando un salto al vac\u00edo. Nadie sabe donde va a terminar la pol\u00edtica exterior de EEUU\u00bb 0:10:19<\/h2>\n\n\n\n<p>\u201c<a href=\"https:\/\/www.youtube.com\/watch?v=vIKzSrC7Sa0\">https:\/\/www.youtube.com\/watch?v=vIKzSrC7Sa0<\/a>\u201d<\/p>\n\n\n\n<h2 class=\"wp-block-heading\">EE. UU. consigue que la ONU apruebe resoluci\u00f3n sobre guerra de Ucrania sin mencionar la \u00abinvasi\u00f3n\u201d (DW) 0:22:57<\/h2>\n\n\n\n<p>\u201c<a href=\"https:\/\/www.youtube.com\/watch?v=dZAAt48PR_Q\">https:\/\/www.youtube.com\/watch?v=dZAAt48PR_Q<\/a>\u201d<\/p>\n\n\n\n<h2 class=\"wp-block-heading\">\u201cTrump busca la capitulaci\u00f3n de Ucrania: es una humillaci\u00f3n para el orden internacional\u201d. Rold\u00e1n 0:12:10<\/h2>\n\n\n\n<p>\u201c<a href=\"https:\/\/www.youtube.com\/watch?v=dNymrDeNbdA\">https:\/\/www.youtube.com\/watch?v=dNymrDeNbdA<\/a>\u201d<\/p>\n\n\n\n<h2 class=\"wp-block-heading\">Este es realmente el grave problema pol\u00edtico de Europa: y Alemania y Espa\u00f1a lo comparten 0:16:22<\/h2>\n\n\n\n<p>\u201c<a href=\"https:\/\/www.youtube.com\/watch?v=LLN9yLhW7nM\">https:\/\/www.youtube.com\/watch?v=LLN9yLhW7nM<\/a>\u201d<\/p>\n\n\n\n<h2 class=\"wp-block-heading\">Todo lo que Rusia, EEUU y Europa podr\u00edan hacer en los pr\u00f3ximos meses en el camino hacia la paz 0:07:53<\/h2>\n\n\n\n<p>\u201c<a href=\"https:\/\/www.youtube.com\/watch?v=dmtyRmbXCFo\">https:\/\/www.youtube.com\/watch?v=dmtyRmbXCFo<\/a>\u201d<\/p>\n\n\n\n<h2 class=\"wp-block-heading\">\u00abEEUU debe elegir entre Rusia y Europa\u00bb, el dilema que redefine el orden mundial. Temprano 0:08:53<\/h2>\n\n\n\n<p>\u201c<a href=\"https:\/\/www.youtube.com\/watch?v=TK-zgKocI8s\">https:\/\/www.youtube.com\/watch?v=TK-zgKocI8s<\/a>\u201d<\/p>\n\n\n\n<h2 class=\"wp-block-heading\">\u00bfPor qu\u00e9 la arquitectura cu\u00e1ntica de Microsoft cambiar\u00e1 el futuro? 0:24:42<\/h2>\n\n\n\n<p>\u201c<a href=\"https:\/\/www.youtube.com\/watch?v=DNCiM4B6LiI\">https:\/\/www.youtube.com\/watch?v=DNCiM4B6LiI<\/a>\u201d<\/p>\n","protected":false},"excerpt":{"rendered":"<p>En Reddeportiva.net nos da la impresi\u00f3n de que un \u201ccisne negro\u201d se apareci\u00f3 en el escenario de la crisis de Ucrania.\u00a0 Se trata del liderazgo marcado por el gobierno ingl\u00e9s en el enfrentamiento a las tropas rusas, unido a la rebeli\u00f3n dentro del DOGE y las posibles dificultades econ\u00f3micas y financieras para obtener beneficios monetarios [&hellip;]<\/p>\n","protected":false},"author":1,"featured_media":0,"comment_status":"closed","ping_status":"closed","sticky":false,"template":"","format":"standard","meta":{"_exactmetrics_skip_tracking":false,"_exactmetrics_sitenote_active":false,"_exactmetrics_sitenote_note":"","_exactmetrics_sitenote_category":0,"ngg_post_thumbnail":0,"footnotes":""},"categories":[1407,1262,1357,1364,1421,1399,1260,1253,1290,1239,1365,1408,1272,1296,1282,1376,1326,1255,22,1225,1307,1411,1202,1269,1417,1241,1501,1377,1358,1243,1425,1286,1416,1498,1237,1268,1222,1293,1223,1311,1291,1354,1404,1446,1280,1349,1350,1283,779,286,659,603,1213,1285,1392,36,1513,1475,1384,1356,1506,1480,1495,200,1461,1509,1499,1389,1355,1465,1420],"tags":[],"class_list":["post-242137","post","type-post","status-publish","format-standard","hentry","category-acuerdo-digital-proyeccion","category-acuerdos","category-alemania-proyecciones-multilateralismo","category-arabe-islamico","category-big-techs","category-biologia-proyeccion","category-bolsa-finanzas","category-buenas-practicas","category-cadena-de-valor","category-cambio-social","category-china-organizacion-multilateralismo-proyecciones","category-ciclo-economico","category-competencia-leal","category-concertacion","category-control-proyecciones","category-democracia","category-desarrollo","category-divisas-finanzas","category-educacion-proyecciones","category-empoderamiento-proyeccion","category-estado-de-derecho","category-garantias","category-geopolitica-proyecciones","category-gestion-proyecciones","category-global-britain","category-gobernanza","category-imperial","category-india","category-indo-pacific","category-institucionalidad","category-integracion-cultural","category-integridad","category-inteligencia-artificial","category-japon-organizacion-multilateralismo-proyecciones","category-libertades","category-liderazgos-proyecciones","category-mundo-cultural","category-mundo-laboral","category-mundo-politico","category-orden-y-disciplina","category-organizacion-internacional-proyecciones","category-otan","category-poderes-mundiales","category-presupuestal","category-presupuestos-finanzas","category-primacia-de-la-realidad","category-prioridades","category-productividad","category-proyecciones","category-proyecciones-ambiente","category-proyecciones-seguridad","category-proyecciones-sostenible","category-proyecciones-tecnologicas","category-reciprocidad-proyecciones","category-rectificacion","category-reddeportiva-net","category-reenfoque-ambiente","category-relativismo","category-riesgos-y-vulnerabilidades","category-rusia-proyecciones-multilateralismo","category-seguridad-nacional","category-sentido-a-la-vida","category-sentido-comun","category-separata-reddeportiva","category-sistemico","category-social","category-sostenibilidad","category-tasas-de-interes-finanzas","category-turquia","category-ue","category-valor"],"_links":{"self":[{"href":"https:\/\/reddeportiva.net\/principal\/index.php?rest_route=\/wp\/v2\/posts\/242137","targetHints":{"allow":["GET"]}}],"collection":[{"href":"https:\/\/reddeportiva.net\/principal\/index.php?rest_route=\/wp\/v2\/posts"}],"about":[{"href":"https:\/\/reddeportiva.net\/principal\/index.php?rest_route=\/wp\/v2\/types\/post"}],"author":[{"embeddable":true,"href":"https:\/\/reddeportiva.net\/principal\/index.php?rest_route=\/wp\/v2\/users\/1"}],"replies":[{"embeddable":true,"href":"https:\/\/reddeportiva.net\/principal\/index.php?rest_route=%2Fwp%2Fv2%2Fcomments&post=242137"}],"version-history":[{"count":3,"href":"https:\/\/reddeportiva.net\/principal\/index.php?rest_route=\/wp\/v2\/posts\/242137\/revisions"}],"predecessor-version":[{"id":242141,"href":"https:\/\/reddeportiva.net\/principal\/index.php?rest_route=\/wp\/v2\/posts\/242137\/revisions\/242141"}],"wp:attachment":[{"href":"https:\/\/reddeportiva.net\/principal\/index.php?rest_route=%2Fwp%2Fv2%2Fmedia&parent=242137"}],"wp:term":[{"taxonomy":"category","embeddable":true,"href":"https:\/\/reddeportiva.net\/principal\/index.php?rest_route=%2Fwp%2Fv2%2Fcategories&post=242137"},{"taxonomy":"post_tag","embeddable":true,"href":"https:\/\/reddeportiva.net\/principal\/index.php?rest_route=%2Fwp%2Fv2%2Ftags&post=242137"}],"curies":[{"name":"wp","href":"https:\/\/api.w.org\/{rel}","templated":true}]}}