{"id":242063,"date":"2025-02-10T07:19:59","date_gmt":"2025-02-10T12:19:59","guid":{"rendered":"https:\/\/reddeportiva.net\/principal\/?p=242063"},"modified":"2025-02-10T07:44:34","modified_gmt":"2025-02-10T12:44:34","slug":"claves-del-dia-llega-el-gran-golpe-a-europa-rusia-no-acepta-el-plan-de-trump-y-drama-en-alemania","status":"publish","type":"post","link":"https:\/\/reddeportiva.net\/principal\/?p=242063","title":{"rendered":"Claves del d\u00eda: Llega el gran golpe a Europa, Rusia no acepta el plan de Trump y drama en Alemania"},"content":{"rendered":"\n<figure class=\"wp-block-embed is-type-video is-provider-youtube wp-block-embed-youtube wp-embed-aspect-16-9 wp-has-aspect-ratio\"><div class=\"wp-block-embed__wrapper\">\n<iframe loading=\"lazy\" title=\"Claves del d\u00eda: Llega el gran golpe a Europa, Rusia no acepta el plan de Trump y drama en Alemania\" width=\"625\" height=\"352\" src=\"https:\/\/www.youtube.com\/embed\/bO2X4E4VV5w?feature=oembed\" frameborder=\"0\" allow=\"accelerometer; autoplay; clipboard-write; encrypted-media; gyroscope; picture-in-picture; web-share\" referrerpolicy=\"strict-origin-when-cross-origin\" allowfullscreen><\/iframe>\n<\/div><\/figure>\n\n\n\n<p>En Reddeportiva.net opinamos que, entre todas las medidas tomadas por el nuevo gobierno USA, la que m\u00e1s nos va a afectar en forma directa por ahora es la desarticulaci\u00f3n de la USAID.\u00a0 Lo poco de \u201cfomento\u201d que existe en el sector agr\u00edcola peruano estuvo dirigido y orientado por dicha agencia gubernamental al contribuir con la sustituci\u00f3n de productos.\u00a0 Ahora, que va a dejar de operar en nuestro pa\u00eds, se nos presenta la oportunidad de organizar el desarrollo del sector agrario en el terreno de aquellos emprendedores-agricultores que no se hayan podido aupar al nuevo milagro agroindustrial.\u00a0 El camino para conseguir el desarrollo, de este subsector agrario, es el de asumir el reto de fijar objetivos de largo plazo y luego crear una organizaci\u00f3n gremial que calce con la realidad en forma progresiva.\u00a0 Una aproximaci\u00f3n al an\u00e1lisis de las necesidades de estas actividades productivas la encontramos en el v\u00eddeo que sigue a continuaci\u00f3n el cual versa sobre las dificultades del sector cafetero que no consigue levantar el negocio con la actual estructura de m\u00faltiples intermediarios y la falta de direcci\u00f3n.\u00a0 La modernizaci\u00f3n de este grupo de emprendedores deber\u00e1 llegar a soluciones como la de generar un mercado de futuros que estabilice los precios, as\u00ed como productos estandarizados que logren cuotas significativas del mercado internacional.\u00a0 Para esto ser\u00e1 necesario dar los primeros pasos en la organizaci\u00f3n de dichos emprendedores quienes dar\u00e1n forma a un instituto de investigaci\u00f3n de mercado que goce de la colaboraci\u00f3n de las universidades con mayor prestigio en el sector, el cual pueda iniciar una estrategia de mercadeo apropiada que se ajustar\u00e1 a los requisitos y evoluci\u00f3n del mercado internacional.\u00a0<\/p>\n\n\n\n<h2 class=\"wp-block-heading\">Caf\u00e9 cotiza en Bolsa de NY m\u00e1s de US$ 400, pero Per\u00fa no lo aprovech\u00f3 \u00bfpor qu\u00e9?<\/h2>\n\n\n\n<p>\u201c<a href=\"https:\/\/www.youtube.com\/watch?v=KE75MY0HD6g\">https:\/\/www.youtube.com\/watch?v=KE75MY0HD6g<\/a>\u201d\u00a0<\/p>\n\n\n\n<h2 class=\"wp-block-heading\">Fiscal general ordena la \u201celiminaci\u00f3n total\u201d de c\u00e1rteles y organizaciones criminales en EEUU<\/h2>\n\n\n\n<p>\u201c<a href=\"https:\/\/www.youtube.com\/watch?v=bfEv-kI4yJ8\">https:\/\/www.youtube.com\/watch?v=bfEv-kI4yJ8<\/a>\u201d<\/p>\n\n\n\n<h2 class=\"wp-block-heading\">ELON MUSK EXPONE EL DESPILFARRO Y LA IZQUIERDA ENLOQUECE<\/h2>\n\n\n\n<p>\u201c<a href=\"https:\/\/www.youtube.com\/watch?v=yTf2YIVLScc\">https:\/\/www.youtube.com\/watch?v=yTf2YIVLScc<\/a>\u201d<\/p>\n\n\n\n<h2 class=\"wp-block-heading\">\u00daLTIMA HORA | Rusia no acepta el plan de EEUU por ahora. No hay \u201cpropuestas satisfactorias\u201d<\/h2>\n\n\n\n<p>\u201c<a href=\"https:\/\/www.youtube.com\/watch?v=5JwZrwr8qqY\">https:\/\/www.youtube.com\/watch?v=5JwZrwr8qqY<\/a>\u201d<\/p>\n\n\n\n<h2 class=\"wp-block-heading\">Trump contra Europa: llega el gran golpe arancelario que ataca directamente a Alemania<\/h2>\n\n\n\n<p>\u201c<a href=\"https:\/\/www.youtube.com\/watch?v=bLBIPZxbO9Q\">https:\/\/www.youtube.com\/watch?v=bLBIPZxbO9Q<\/a>\u201d<\/p>\n\n\n\n<h2 class=\"wp-block-heading\">ITURRALDE: \u201cUSAID se ha usado para tonter\u00edas como conciertos, pero tambi\u00e9n para golpes de Estado\u201d<\/h2>\n\n\n\n<p>\u201c<a href=\"https:\/\/www.youtube.com\/watch?v=i-Rz8njLozw\">https:\/\/www.youtube.com\/watch?v=i-Rz8njLozw<\/a>\u201d<\/p>\n\n\n\n<h2 class=\"wp-block-heading\">Todas las claves del impacto de los aranceles de Trump a la econom\u00eda de China<\/h2>\n\n\n\n<p>\u201c<a href=\"https:\/\/www.youtube.com\/watch?v=f2zCOBlSiAo\">https:\/\/www.youtube.com\/watch?v=f2zCOBlSiAo<\/a>\u201d<\/p>\n\n\n\n<h2 class=\"wp-block-heading\">\u00daLTIMA HORA | Trump anuncia aranceles del 25% a las importaciones de acero y aluminio<\/h2>\n\n\n\n<p>\u201c<a href=\"https:\/\/www.youtube.com\/watch?v=dQZgCad8jwc\">https:\/\/www.youtube.com\/watch?v=dQZgCad8jwc<\/a>\u201d<\/p>\n\n\n\n<h2 class=\"wp-block-heading\">Este es el grave problema que podr\u00edas tumbar todo el sistema de la Inteligencia Artificial<\/h2>\n\n\n\n<p>\u201c<a href=\"https:\/\/www.youtube.com\/watch?v=zBGL4KhSj3s\">https:\/\/www.youtube.com\/watch?v=zBGL4KhSj3s<\/a>\u201d<\/p>\n\n\n\n<h2 class=\"wp-block-heading\">\u00daLTIMA HORA | JD Vance llega a Par\u00eds: asiste a la cumbre internacional de inteligencia artificial<\/h2>\n\n\n\n<p>\u201c<a href=\"https:\/\/www.youtube.com\/watch?v=V5zaDNpvisI\">https:\/\/www.youtube.com\/watch?v=V5zaDNpvisI<\/a>\u201d<\/p>\n","protected":false},"excerpt":{"rendered":"<p>En Reddeportiva.net opinamos que, entre todas las medidas tomadas por el nuevo gobierno USA, la que m\u00e1s nos va a afectar en forma directa por ahora es la desarticulaci\u00f3n de la USAID.\u00a0 Lo poco de \u201cfomento\u201d que existe en el sector agr\u00edcola peruano estuvo dirigido y orientado por dicha agencia gubernamental al contribuir con la [&hellip;]<\/p>\n","protected":false},"author":1,"featured_media":0,"comment_status":"closed","ping_status":"closed","sticky":false,"template":"","format":"standard","meta":{"_exactmetrics_skip_tracking":false,"_exactmetrics_sitenote_active":false,"_exactmetrics_sitenote_note":"","_exactmetrics_sitenote_category":0,"ngg_post_thumbnail":0,"footnotes":""},"categories":[1278,1407,1229,1357,1421,1399,1253,1290,1239,1365,1317,1272,1282,1448,1303,1376,1326,22,1225,1307,1309,1202,1269,1417,1241,1377,1358,1243,1425,1286,1416,1498,1237,1462,1459,1222,1293,1223,1382,1311,1291,1404,1349,1350,1283,1341,779,1199,673,659,603,1213,36,1373,1344,1384,1356,1506,1480,200,1461,1509,1316,1499,1355,1465,1420],"tags":[],"class_list":["post-242063","post","type-post","status-publish","format-standard","hentry","category-accion-politica-proyecciones","category-acuerdo-digital-proyeccion","category-agricultura-produccion-proyecciones","category-alemania-proyecciones-multilateralismo","category-big-techs","category-biologia-proyeccion","category-buenas-practicas","category-cadena-de-valor","category-cambio-social","category-china-organizacion-multilateralismo-proyecciones","category-colonizaciones","category-competencia-leal","category-control-proyecciones","category-corrupcion","category-crimen-organizado","category-democracia","category-desarrollo","category-educacion-proyecciones","category-empoderamiento-proyeccion","category-estado-de-derecho","category-faltas-y-delitos","category-geopolitica-proyecciones","category-gestion-proyecciones","category-global-britain","category-gobernanza","category-india","category-indo-pacific","category-institucionalidad","category-integracion-cultural","category-integridad","category-inteligencia-artificial","category-japon-organizacion-multilateralismo-proyecciones","category-libertades","category-maduracion","category-mercadeo","category-mundo-cultural","category-mundo-laboral","category-mundo-politico","category-normalizacion","category-orden-y-disciplina","category-organizacion-internacional-proyecciones","category-poderes-mundiales","category-primacia-de-la-realidad","category-prioridades","category-productividad","category-promocion-y-ayudas","category-proyecciones","category-proyecciones-drogas-y-crimen-malas-practicas","category-proyecciones-paz","category-proyecciones-seguridad","category-proyecciones-sostenible","category-proyecciones-tecnologicas","category-reddeportiva-net","category-reforma-del-comercio","category-reorganizaciones","category-riesgos-y-vulnerabilidades","category-rusia-proyecciones-multilateralismo","category-seguridad-nacional","category-sentido-a-la-vida","category-separata-reddeportiva","category-sistemico","category-social","category-soluciones-comunitarias","category-sostenibilidad","category-turquia","category-ue","category-valor"],"_links":{"self":[{"href":"https:\/\/reddeportiva.net\/principal\/index.php?rest_route=\/wp\/v2\/posts\/242063","targetHints":{"allow":["GET"]}}],"collection":[{"href":"https:\/\/reddeportiva.net\/principal\/index.php?rest_route=\/wp\/v2\/posts"}],"about":[{"href":"https:\/\/reddeportiva.net\/principal\/index.php?rest_route=\/wp\/v2\/types\/post"}],"author":[{"embeddable":true,"href":"https:\/\/reddeportiva.net\/principal\/index.php?rest_route=\/wp\/v2\/users\/1"}],"replies":[{"embeddable":true,"href":"https:\/\/reddeportiva.net\/principal\/index.php?rest_route=%2Fwp%2Fv2%2Fcomments&post=242063"}],"version-history":[{"count":2,"href":"https:\/\/reddeportiva.net\/principal\/index.php?rest_route=\/wp\/v2\/posts\/242063\/revisions"}],"predecessor-version":[{"id":242065,"href":"https:\/\/reddeportiva.net\/principal\/index.php?rest_route=\/wp\/v2\/posts\/242063\/revisions\/242065"}],"wp:attachment":[{"href":"https:\/\/reddeportiva.net\/principal\/index.php?rest_route=%2Fwp%2Fv2%2Fmedia&parent=242063"}],"wp:term":[{"taxonomy":"category","embeddable":true,"href":"https:\/\/reddeportiva.net\/principal\/index.php?rest_route=%2Fwp%2Fv2%2Fcategories&post=242063"},{"taxonomy":"post_tag","embeddable":true,"href":"https:\/\/reddeportiva.net\/principal\/index.php?rest_route=%2Fwp%2Fv2%2Ftags&post=242063"}],"curies":[{"name":"wp","href":"https:\/\/api.w.org\/{rel}","templated":true}]}}