{"id":241978,"date":"2025-01-27T06:43:51","date_gmt":"2025-01-27T11:43:51","guid":{"rendered":"https:\/\/reddeportiva.net\/principal\/?p=241978"},"modified":"2025-01-27T06:43:53","modified_gmt":"2025-01-27T11:43:53","slug":"el-gran-tsunami-que-viene-que-pasara-en-europa-y-en-hispanoamerica-vlog-de-marc-vidal","status":"publish","type":"post","link":"https:\/\/reddeportiva.net\/principal\/?p=241978","title":{"rendered":"EL GRAN TSUNAMI QUE VIENE: \u00bfQU\u00c9 PASAR\u00c1 EN EUROPA? \u00bfY EN HISPANOAM\u00c9RICA? &#8211; Vlog de Marc Vidal"},"content":{"rendered":"\n<figure class=\"wp-block-embed is-type-video is-provider-youtube wp-block-embed-youtube wp-embed-aspect-16-9 wp-has-aspect-ratio\"><div class=\"wp-block-embed__wrapper\">\n<iframe loading=\"lazy\" title=\"EL GRAN TSUNAMI QUE VIENE: \u00bfQU\u00c9 PASAR\u00c1 EN EUROPA? \u00bfY EN HISPANOAM\u00c9RICA? - Vlog de Marc Vidal\" width=\"625\" height=\"352\" src=\"https:\/\/www.youtube.com\/embed\/Aey68GPUXOM?feature=oembed\" frameborder=\"0\" allow=\"accelerometer; autoplay; clipboard-write; encrypted-media; gyroscope; picture-in-picture; web-share\" referrerpolicy=\"strict-origin-when-cross-origin\" allowfullscreen><\/iframe>\n<\/div><\/figure>\n\n\n\n<p>En Reddeportiva.net creemos oportuno hacer un llamado al respeto por el sentido com\u00fan.\u00a0 Con esta afirmaci\u00f3n no queremos decir que aceptemos sin cuestionamientos las \u201cverdades\u201d que vienen del exterior, sino m\u00e1s bien que el desarrollo nacional debe basarse en el estudio de nuestra realidad, en la b\u00fasqueda del bien com\u00fan y el impulso de las habilidades generadas alrededor de nuestro entorno cultural y geogr\u00e1fico.\u00a0 Creemos que esa ha sido la receta del \u00e9xito del sector agroindustrial y de las mayores potencialidades de las que hace gala.\u00a0 Nuestra intenci\u00f3n es la de vender la idea que el desarrollo econ\u00f3mico debe hacerse bas\u00e1ndolo en la utilizaci\u00f3n de las habilidades y las condiciones propias de nuestra poblaci\u00f3n por cuanto la productividad estar\u00eda asegurada teniendo como sustento el valorado momento de reconversi\u00f3n pol\u00edtica que estamos viviendo.<\/p>\n\n\n\n<h2 class=\"wp-block-heading\">El Colapso del Sistema Financiero ha comenzado (c\u00f3mo protegerte)<\/h2>\n\n\n\n<p>\u201c<a href=\"https:\/\/www.youtube.com\/watch?v=m871IDGwWJk\">https:\/\/www.youtube.com\/watch?v=m871IDGwWJk<\/a>\u201d<\/p>\n\n\n\n<h2 class=\"wp-block-heading\">Los minerales que controlar\u00e1n el futuro &#8211; Si lo hubiera sabido<\/h2>\n\n\n\n<p>\u201c<a href=\"https:\/\/www.youtube.com\/watch?v=hmDsU5wC5WA\">https:\/\/www.youtube.com\/watch?v=hmDsU5wC5WA<\/a>\u201d<\/p>\n\n\n\n<h2 class=\"wp-block-heading\">DW Noticias del 26 de enero: Deportaciones enfrentan a EE. UU. y Colombia<\/h2>\n\n\n\n<p>\u201c<a href=\"https:\/\/www.youtube.com\/watch?v=kTSMDcsWz-U\">https:\/\/www.youtube.com\/watch?v=kTSMDcsWz-U<\/a>\u201d<\/p>\n\n\n\n<h2 class=\"wp-block-heading\">Medidas de Donald Trump contra Colombia: \u00bfcu\u00e1les son y qu\u00e9 alcance tendr\u00e1n?<\/h2>\n\n\n\n<p>\u201c<a href=\"https:\/\/www.youtube.com\/watch?v=e1UVZYydpmc\">https:\/\/www.youtube.com\/watch?v=e1UVZYydpmc<\/a>\u201d<\/p>\n\n\n\n<h2 class=\"wp-block-heading\">EN VIVO: Noticias RCN &#8211; Crisis diplom\u00e1tica: as\u00ed nos impacta<\/h2>\n\n\n\n<p>\u201c<a href=\"https:\/\/www.youtube.com\/watch?v=IVM6IkTGUXY\">https:\/\/www.youtube.com\/watch?v=IVM6IkTGUXY<\/a>\u201d<\/p>\n\n\n\n<h2 class=\"wp-block-heading\">Estalla grave crisis entre Colombia y Estados Unidos<\/h2>\n\n\n\n<p>\u201c<a href=\"https:\/\/www.youtube.com\/watch?v=3-xrAISUe1Q\">https:\/\/www.youtube.com\/watch?v=3-xrAISUe1Q<\/a>\u201d<\/p>\n\n\n\n<h2 class=\"wp-block-heading\">\u00daLTIMA HORA | Colombia cede ante Trump y se aleja de la guerra comercial con EEUU<\/h2>\n\n\n\n<p>\u201c<a href=\"https:\/\/www.youtube.com\/watch?v=oJUD1p_PBlo\">https:\/\/www.youtube.com\/watch?v=oJUD1p_PBlo<\/a>\u201d<\/p>\n","protected":false},"excerpt":{"rendered":"<p>En Reddeportiva.net creemos oportuno hacer un llamado al respeto por el sentido com\u00fan.\u00a0 Con esta afirmaci\u00f3n no queremos decir que aceptemos sin cuestionamientos las \u201cverdades\u201d que vienen del exterior, sino m\u00e1s bien que el desarrollo nacional debe basarse en el estudio de nuestra realidad, en la b\u00fasqueda del bien com\u00fan y el impulso de las [&hellip;]<\/p>\n","protected":false},"author":1,"featured_media":0,"comment_status":"closed","ping_status":"closed","sticky":false,"template":"","format":"standard","meta":{"_exactmetrics_skip_tracking":false,"_exactmetrics_sitenote_active":false,"_exactmetrics_sitenote_note":"","_exactmetrics_sitenote_category":0,"ngg_post_thumbnail":0,"footnotes":""},"categories":[1278,1407,1418,1399,1253,1290,1239,1395,1317,1272,1296,1388,1376,1394,1326,22,1226,1307,1271,1202,1241,1243,1425,1286,1237,1249,1222,1293,1223,1382,1291,1404,1349,1350,1283,1341,779,1259,659,603,1213,36,1374,1373,1300,1403,1252,1384,1506,1480,1495,200,1499,1465],"tags":[],"class_list":["post-241978","post","type-post","status-publish","format-standard","hentry","category-accion-politica-proyecciones","category-acuerdo-digital-proyeccion","category-anticipacion","category-biologia-proyeccion","category-buenas-practicas","category-cadena-de-valor","category-cambio-social","category-cierre-de-brechas-proyecciones","category-colonizaciones","category-competencia-leal","category-concertacion","category-debido-proceso","category-democracia","category-derechos-de-propiedad","category-desarrollo","category-educacion-proyecciones","category-elecciones","category-estado-de-derecho","category-excelencia","category-geopolitica-proyecciones","category-gobernanza","category-institucionalidad","category-integracion-cultural","category-integridad","category-libertades","category-mercadeo-justo","category-mundo-cultural","category-mundo-laboral","category-mundo-politico","category-normalizacion","category-organizacion-internacional-proyecciones","category-poderes-mundiales","category-primacia-de-la-realidad","category-prioridades","category-productividad","category-promocion-y-ayudas","category-proyecciones","category-proyecciones-empresariales","category-proyecciones-seguridad","category-proyecciones-sostenible","category-proyecciones-tecnologicas","category-reddeportiva-net","category-reforma-de-la-economia","category-reforma-del-comercio","category-reforma-del-estado","category-reforma-servicios-publicos","category-respeto","category-riesgos-y-vulnerabilidades","category-seguridad-nacional","category-sentido-a-la-vida","category-sentido-comun","category-separata-reddeportiva","category-sostenibilidad","category-ue"],"_links":{"self":[{"href":"https:\/\/reddeportiva.net\/principal\/index.php?rest_route=\/wp\/v2\/posts\/241978","targetHints":{"allow":["GET"]}}],"collection":[{"href":"https:\/\/reddeportiva.net\/principal\/index.php?rest_route=\/wp\/v2\/posts"}],"about":[{"href":"https:\/\/reddeportiva.net\/principal\/index.php?rest_route=\/wp\/v2\/types\/post"}],"author":[{"embeddable":true,"href":"https:\/\/reddeportiva.net\/principal\/index.php?rest_route=\/wp\/v2\/users\/1"}],"replies":[{"embeddable":true,"href":"https:\/\/reddeportiva.net\/principal\/index.php?rest_route=%2Fwp%2Fv2%2Fcomments&post=241978"}],"version-history":[{"count":2,"href":"https:\/\/reddeportiva.net\/principal\/index.php?rest_route=\/wp\/v2\/posts\/241978\/revisions"}],"predecessor-version":[{"id":241980,"href":"https:\/\/reddeportiva.net\/principal\/index.php?rest_route=\/wp\/v2\/posts\/241978\/revisions\/241980"}],"wp:attachment":[{"href":"https:\/\/reddeportiva.net\/principal\/index.php?rest_route=%2Fwp%2Fv2%2Fmedia&parent=241978"}],"wp:term":[{"taxonomy":"category","embeddable":true,"href":"https:\/\/reddeportiva.net\/principal\/index.php?rest_route=%2Fwp%2Fv2%2Fcategories&post=241978"},{"taxonomy":"post_tag","embeddable":true,"href":"https:\/\/reddeportiva.net\/principal\/index.php?rest_route=%2Fwp%2Fv2%2Ftags&post=241978"}],"curies":[{"name":"wp","href":"https:\/\/api.w.org\/{rel}","templated":true}]}}