{"id":241948,"date":"2025-01-24T18:30:23","date_gmt":"2025-01-24T23:30:23","guid":{"rendered":"https:\/\/reddeportiva.net\/principal\/?p=241948"},"modified":"2025-01-24T18:30:24","modified_gmt":"2025-01-24T23:30:24","slug":"claves-del-dia-trump-al-ataque-con-rusia-milei-a-por-las-elites-en-davos-y-la-batalla-del-petroleo","status":"publish","type":"post","link":"https:\/\/reddeportiva.net\/principal\/?p=241948","title":{"rendered":"Claves del d\u00eda: Trump al ataque con Rusia, Milei a por las \u00e9lites en Davos y la batalla del petr\u00f3leo"},"content":{"rendered":"\n<figure class=\"wp-block-embed is-type-video is-provider-youtube wp-block-embed-youtube wp-embed-aspect-16-9 wp-has-aspect-ratio\"><div class=\"wp-block-embed__wrapper\">\n<iframe loading=\"lazy\" title=\"Claves del d\u00eda: Trump al ataque con Rusia, Milei a por las \u00e9lites en Davos y la batalla del petr\u00f3leo\" width=\"625\" height=\"352\" src=\"https:\/\/www.youtube.com\/embed\/UbdKFb76jXA?feature=oembed\" frameborder=\"0\" allow=\"accelerometer; autoplay; clipboard-write; encrypted-media; gyroscope; picture-in-picture; web-share\" referrerpolicy=\"strict-origin-when-cross-origin\" allowfullscreen><\/iframe>\n<\/div><\/figure>\n\n\n\n<p>En Reddeportiva.net opinamos que no hemos alcanzado niveles de notoriedad en el terreno internacional por cuanto no tenemos garantizada la continuidad de un r\u00e9gimen pol\u00edtico donde impere el sentido com\u00fan.\u00a0 En ese sentido encontramos que quienes pregonaron el \u201cpensamiento \u00fanico\u201d mantienen intacta su capacidad de enga\u00f1o.\u00a0 Esta afirmaci\u00f3n se sustenta en el hecho que no han reconocido las nefastas consecuencias que han tenido sus campa\u00f1as medi\u00e1ticas.\u00a0 Se han negado a reconocer que nos han causado un da\u00f1o enorme con sus objetivos de mantenerse en el poder introduciendo en el pensamiento de la ciudadan\u00eda mensajes de odio destinadas a quebrar tanto a sus opositores como a la institucionalidad de nuestro pa\u00eds.\u00a0 Con estas intenciones lo que han conseguido es eliminar toda perspectiva de largo plazo en las grandes mayor\u00edas.\u00a0 Consecuentemente, nos han llevado a perder la perspectiva de la labor prioritaria del Estado como son la Educaci\u00f3n, la Salud y la Seguridad Ciudadana donde los \u00faltimos gobiernos desde el de Ollanta Humala brillan por su ausencia.\u00a0 Felizmente nuestra sociedad est\u00e1 llegando a identificar y controlar los movimientos pol\u00edticos que practican el doble patr\u00f3n de conducta, con mucha dificultad porque los miembros del club de la construcci\u00f3n siguen actuando sin que hayan recibido sanciones que los lleven a descontinuar su mal proceder; est\u00e1 llegando a\u00a0 comprender que el Sistema de Justicia debe funcionar en forma responsable y muy profesional dejando de lado los privilegios frente a los cuales debe ser ciega; est\u00e1 llegando al convencimiento que no se puede seguir soportando la marginaci\u00f3n en la b\u00fasqueda de oportunidades, para lo cual debe tomar conciencia de la urgente necesidad de perfeccionar sus m\u00e9todos para emitir un\u00a0 voto electoral realmente informado.<\/p>\n\n\n\n<h2 class=\"wp-block-heading\">Trump, Milei y Sheinbaum cambian el tablero pol\u00edtico en Am\u00e9rica: esto es lo que tienen en com\u00fan<\/h2>\n\n\n\n<p>\u00ab<a href=\"https:\/\/www.youtube.com\/watch?v=GMPU8htWjoc\">https:\/\/www.youtube.com\/watch?v=GMPU8htWjoc<\/a>\u00ab<\/p>\n\n\n\n<h2 class=\"wp-block-heading\">NOTICIAS ECON\u00d3MICAS: La triple jugada de Trump, la amenaza de los aranceles y las cripto en EEUU<\/h2>\n\n\n\n<p>\u00ab<a href=\"https:\/\/www.youtube.com\/watch?v=zUZTB6lF6D4\">https:\/\/www.youtube.com\/watch?v=zUZTB6lF6D4<\/a>\u00ab<\/p>\n\n\n\n<h2 class=\"wp-block-heading\">\u00daLTIMA HORA | Milei amenaza el comercio y podr\u00eda dejar Mercosur para acercarse a Trump<\/h2>\n\n\n\n<p>\u00ab<a href=\"https:\/\/www.youtube.com\/watch?v=QnrN9T58gWE\">https:\/\/www.youtube.com\/watch?v=QnrN9T58gWE<\/a>\u00ab<\/p>\n\n\n\n<h2 class=\"wp-block-heading\">\u00a1HORROR EN CHILE! Donald Trump llama al Per\u00fa \ud83c\uddf5\ud83c\uddea ante INSULTOS Y ATAQUES de Chilenos \ud83c\udde8\ud83c\uddf1 \u00a1No van m\u00e1s!<\/h2>\n\n\n\n<p>\u00ab<a href=\"https:\/\/www.youtube.com\/watch?v=ngMM9166uX8\">https:\/\/www.youtube.com\/watch?v=ngMM9166uX8<\/a>\u00ab<\/p>\n\n\n\n<h2 class=\"wp-block-heading\">Julio Velarde reafirma que cerraremos el 2025 con una inflaci\u00f3n del 2%<\/h2>\n\n\n\n<p>\u00ab<a href=\"https:\/\/www.youtube.com\/watch?v=GFYxxcL0VMY\">https:\/\/www.youtube.com\/watch?v=GFYxxcL0VMY<\/a>\u00ab<\/p>\n","protected":false},"excerpt":{"rendered":"<p>En Reddeportiva.net opinamos que no hemos alcanzado niveles de notoriedad en el terreno internacional por cuanto no tenemos garantizada la continuidad de un r\u00e9gimen pol\u00edtico donde impere el sentido com\u00fan.\u00a0 En ese sentido encontramos que quienes pregonaron el \u201cpensamiento \u00fanico\u201d mantienen intacta su capacidad de enga\u00f1o.\u00a0 Esta afirmaci\u00f3n se sustenta en el hecho que no [&hellip;]<\/p>\n","protected":false},"author":1,"featured_media":0,"comment_status":"closed","ping_status":"closed","sticky":false,"template":"","format":"standard","meta":{"_exactmetrics_skip_tracking":false,"_exactmetrics_sitenote_active":false,"_exactmetrics_sitenote_note":"","_exactmetrics_sitenote_category":0,"ngg_post_thumbnail":0,"footnotes":""},"categories":[1278,1407,1399,1253,1290,1448,1303,1321,1376,1322,22,1307,1325,1309,1411,1202,1241,1324,1243,1425,1286,1237,1405,1366,1222,1293,1223,1323,1291,1404,1349,1350,1283,779,673,1392,36,1374,1373,1300,1403,1475,200,1499,1465],"tags":[],"class_list":["post-241948","post","type-post","status-publish","format-standard","hentry","category-accion-politica-proyecciones","category-acuerdo-digital-proyeccion","category-biologia-proyeccion","category-buenas-practicas","category-cadena-de-valor","category-corrupcion","category-crimen-organizado","category-delitos-mediaticos","category-democracia","category-desinformacion-mediatica","category-educacion-proyecciones","category-estado-de-derecho","category-excesos-del-poder","category-faltas-y-delitos","category-garantias","category-geopolitica-proyecciones","category-gobernanza","category-guerra-mediatica","category-institucionalidad","category-integracion-cultural","category-integridad","category-libertades","category-manipulacion","category-marginacion","category-mundo-cultural","category-mundo-laboral","category-mundo-politico","category-odio-mediatico","category-organizacion-internacional-proyecciones","category-poderes-mundiales","category-primacia-de-la-realidad","category-prioridades","category-productividad","category-proyecciones","category-proyecciones-paz","category-rectificacion","category-reddeportiva-net","category-reforma-de-la-economia","category-reforma-del-comercio","category-reforma-del-estado","category-reforma-servicios-publicos","category-relativismo","category-separata-reddeportiva","category-sostenibilidad","category-ue"],"_links":{"self":[{"href":"https:\/\/reddeportiva.net\/principal\/index.php?rest_route=\/wp\/v2\/posts\/241948","targetHints":{"allow":["GET"]}}],"collection":[{"href":"https:\/\/reddeportiva.net\/principal\/index.php?rest_route=\/wp\/v2\/posts"}],"about":[{"href":"https:\/\/reddeportiva.net\/principal\/index.php?rest_route=\/wp\/v2\/types\/post"}],"author":[{"embeddable":true,"href":"https:\/\/reddeportiva.net\/principal\/index.php?rest_route=\/wp\/v2\/users\/1"}],"replies":[{"embeddable":true,"href":"https:\/\/reddeportiva.net\/principal\/index.php?rest_route=%2Fwp%2Fv2%2Fcomments&post=241948"}],"version-history":[{"count":2,"href":"https:\/\/reddeportiva.net\/principal\/index.php?rest_route=\/wp\/v2\/posts\/241948\/revisions"}],"predecessor-version":[{"id":241950,"href":"https:\/\/reddeportiva.net\/principal\/index.php?rest_route=\/wp\/v2\/posts\/241948\/revisions\/241950"}],"wp:attachment":[{"href":"https:\/\/reddeportiva.net\/principal\/index.php?rest_route=%2Fwp%2Fv2%2Fmedia&parent=241948"}],"wp:term":[{"taxonomy":"category","embeddable":true,"href":"https:\/\/reddeportiva.net\/principal\/index.php?rest_route=%2Fwp%2Fv2%2Fcategories&post=241948"},{"taxonomy":"post_tag","embeddable":true,"href":"https:\/\/reddeportiva.net\/principal\/index.php?rest_route=%2Fwp%2Fv2%2Ftags&post=241948"}],"curies":[{"name":"wp","href":"https:\/\/api.w.org\/{rel}","templated":true}]}}