{"id":241704,"date":"2024-12-09T12:13:46","date_gmt":"2024-12-09T17:13:46","guid":{"rendered":"https:\/\/reddeportiva.net\/principal\/?p=241704"},"modified":"2024-12-09T12:13:48","modified_gmt":"2024-12-09T17:13:48","slug":"el-callao-el-segundo-puerto-mas-eficiente-de-latinoamerica","status":"publish","type":"post","link":"https:\/\/reddeportiva.net\/principal\/?p=241704","title":{"rendered":"El Callao, el segundo puerto m\u00e1s eficiente de Latinoam\u00e9rica"},"content":{"rendered":"\n<figure class=\"wp-block-embed is-type-video is-provider-youtube wp-block-embed-youtube wp-embed-aspect-16-9 wp-has-aspect-ratio\"><div class=\"wp-block-embed__wrapper\">\n<iframe loading=\"lazy\" title=\"El Callao, el segundo puerto m\u00e1s eficiente de Latinoam\u00e9rica\" width=\"625\" height=\"352\" src=\"https:\/\/www.youtube.com\/embed\/_5XgdAJmsA4?feature=oembed\" frameborder=\"0\" allow=\"accelerometer; autoplay; clipboard-write; encrypted-media; gyroscope; picture-in-picture; web-share\" referrerpolicy=\"strict-origin-when-cross-origin\" allowfullscreen><\/iframe>\n<\/div><\/figure>\n\n\n\n<h2 class=\"wp-block-heading\">Per\u00fa y Maersk: Un Convenio que Cambia el Rumbo Mar\u00edtimo<\/h2>\n\n\n\n<figure class=\"wp-block-embed is-type-video is-provider-youtube wp-block-embed-youtube wp-embed-aspect-16-9 wp-has-aspect-ratio\"><div class=\"wp-block-embed__wrapper\">\n<iframe loading=\"lazy\" title=\"Per\u00fa y Maersk: Un Convenio que Cambia el Rumbo Mar\u00edtimo\" width=\"625\" height=\"352\" src=\"https:\/\/www.youtube.com\/embed\/sgvI6ZHXVDs?feature=oembed\" frameborder=\"0\" allow=\"accelerometer; autoplay; clipboard-write; encrypted-media; gyroscope; picture-in-picture; web-share\" referrerpolicy=\"strict-origin-when-cross-origin\" allowfullscreen><\/iframe>\n<\/div><\/figure>\n\n\n\n<h2 class=\"wp-block-heading\">Modernizaci\u00f3n en Chimbote: \u00bfUn plan con doble agenda?<\/h2>\n\n\n\n<figure class=\"wp-block-embed is-type-video is-provider-youtube wp-block-embed-youtube wp-embed-aspect-16-9 wp-has-aspect-ratio\"><div class=\"wp-block-embed__wrapper\">\n<iframe loading=\"lazy\" title=\"Modernizaci\u00f3n en Chimbote: \u00bfUn plan con doble agenda?\" width=\"625\" height=\"352\" src=\"https:\/\/www.youtube.com\/embed\/pLImSNifEto?feature=oembed\" frameborder=\"0\" allow=\"accelerometer; autoplay; clipboard-write; encrypted-media; gyroscope; picture-in-picture; web-share\" referrerpolicy=\"strict-origin-when-cross-origin\" allowfullscreen><\/iframe>\n<\/div><\/figure>\n\n\n\n<h2 class=\"wp-block-heading\">Puerto de Pisco, Rumbo a su Primera Gr\u00faa P\u00f3rtico<\/h2>\n\n\n\n<figure class=\"wp-block-embed is-type-video is-provider-youtube wp-block-embed-youtube wp-embed-aspect-16-9 wp-has-aspect-ratio\"><div class=\"wp-block-embed__wrapper\">\n<iframe loading=\"lazy\" title=\"Puerto de Pisco, Rumbo a su Primera Gr\u00faa P\u00f3rtico\" width=\"625\" height=\"352\" src=\"https:\/\/www.youtube.com\/embed\/lfCxflkSwpQ?feature=oembed\" frameborder=\"0\" allow=\"accelerometer; autoplay; clipboard-write; encrypted-media; gyroscope; picture-in-picture; web-share\" referrerpolicy=\"strict-origin-when-cross-origin\" allowfullscreen><\/iframe>\n<\/div><\/figure>\n\n\n\n<h2 class=\"wp-block-heading\">\u00abEl Megapuerto de Cor\u00edo: La Puerta al Futuro Quien realizara el megaproyecto<\/h2>\n\n\n\n<figure class=\"wp-block-embed is-type-video is-provider-youtube wp-block-embed-youtube wp-embed-aspect-16-9 wp-has-aspect-ratio\"><div class=\"wp-block-embed__wrapper\">\n<iframe loading=\"lazy\" title=\"&quot;El Megapuerto de Cor\u00edo: La Puerta al Futuro Quien realizara el  megaproyecto\" width=\"625\" height=\"352\" src=\"https:\/\/www.youtube.com\/embed\/7Qf749TppAA?feature=oembed\" frameborder=\"0\" allow=\"accelerometer; autoplay; clipboard-write; encrypted-media; gyroscope; picture-in-picture; web-share\" referrerpolicy=\"strict-origin-when-cross-origin\" allowfullscreen><\/iframe>\n<\/div><\/figure>\n\n\n\n<h2 class=\"wp-block-heading\">Tren bioce\u00e1nico seg\u00fan los brasile\u00f1os<\/h2>\n\n\n\n<figure class=\"wp-block-embed is-type-video is-provider-youtube wp-block-embed-youtube wp-embed-aspect-16-9 wp-has-aspect-ratio\"><div class=\"wp-block-embed__wrapper\">\n<iframe loading=\"lazy\" title=\"Tren bioce\u00e1nico seg\u00fan los brasile\u00f1os\" width=\"625\" height=\"352\" src=\"https:\/\/www.youtube.com\/embed\/VpQzTTBlEgE?feature=oembed\" frameborder=\"0\" allow=\"accelerometer; autoplay; clipboard-write; encrypted-media; gyroscope; picture-in-picture; web-share\" referrerpolicy=\"strict-origin-when-cross-origin\" allowfullscreen><\/iframe>\n<\/div><\/figure>\n\n\n\n<h2 class=\"wp-block-heading\">Geopol\u00edtica del Puerto Bay\u00f3var y su complemento el Puerto Eten<\/h2>\n\n\n\n<figure class=\"wp-block-embed is-type-video is-provider-youtube wp-block-embed-youtube wp-embed-aspect-16-9 wp-has-aspect-ratio\"><div class=\"wp-block-embed__wrapper\">\n<iframe loading=\"lazy\" title=\"Geopol\u00edtica del Puerto Bay\u00f3var y su complemento el Puerto Eten\" width=\"625\" height=\"352\" src=\"https:\/\/www.youtube.com\/embed\/o3094RQFYLU?feature=oembed\" frameborder=\"0\" allow=\"accelerometer; autoplay; clipboard-write; encrypted-media; gyroscope; picture-in-picture; web-share\" referrerpolicy=\"strict-origin-when-cross-origin\" allowfullscreen><\/iframe>\n<\/div><\/figure>\n\n\n\n<h2 class=\"wp-block-heading\">EE.UU invertir\u00e1 500 millones en el puerto Matarani<\/h2>\n\n\n\n<figure class=\"wp-block-embed is-type-video is-provider-youtube wp-block-embed-youtube wp-embed-aspect-16-9 wp-has-aspect-ratio\"><div class=\"wp-block-embed__wrapper\">\n<iframe loading=\"lazy\" title=\"EE.UU invertir\u00e1 500 millones en el puerto Matarani\" width=\"625\" height=\"352\" src=\"https:\/\/www.youtube.com\/embed\/UAj0nGMmjqk?feature=oembed\" frameborder=\"0\" allow=\"accelerometer; autoplay; clipboard-write; encrypted-media; gyroscope; picture-in-picture; web-share\" referrerpolicy=\"strict-origin-when-cross-origin\" allowfullscreen><\/iframe>\n<\/div><\/figure>\n","protected":false},"excerpt":{"rendered":"<p>Per\u00fa y Maersk: Un Convenio que Cambia el Rumbo Mar\u00edtimo Modernizaci\u00f3n en Chimbote: \u00bfUn plan con doble agenda? Puerto de Pisco, Rumbo a su Primera Gr\u00faa P\u00f3rtico \u00abEl Megapuerto de Cor\u00edo: La Puerta al Futuro Quien realizara el megaproyecto Tren bioce\u00e1nico seg\u00fan los brasile\u00f1os Geopol\u00edtica del Puerto Bay\u00f3var y su complemento el Puerto Eten EE.UU [&hellip;]<\/p>\n","protected":false},"author":1,"featured_media":0,"comment_status":"closed","ping_status":"closed","sticky":false,"template":"","format":"standard","meta":{"_exactmetrics_skip_tracking":false,"_exactmetrics_sitenote_active":false,"_exactmetrics_sitenote_note":"","_exactmetrics_sitenote_category":0,"ngg_post_thumbnail":0,"footnotes":""},"categories":[1290,1202,1297,1243,1425,1223,1404,1349,779,871,36,200],"tags":[],"class_list":["post-241704","post","type-post","status-publish","format-standard","hentry","category-cadena-de-valor","category-geopolitica-proyecciones","category-infraestructura-transporte-proyecciones","category-institucionalidad","category-integracion-cultural","category-mundo-politico","category-poderes-mundiales","category-primacia-de-la-realidad","category-proyecciones","category-proyecciones-rutas-de-comercio","category-reddeportiva-net","category-separata-reddeportiva"],"_links":{"self":[{"href":"https:\/\/reddeportiva.net\/principal\/index.php?rest_route=\/wp\/v2\/posts\/241704","targetHints":{"allow":["GET"]}}],"collection":[{"href":"https:\/\/reddeportiva.net\/principal\/index.php?rest_route=\/wp\/v2\/posts"}],"about":[{"href":"https:\/\/reddeportiva.net\/principal\/index.php?rest_route=\/wp\/v2\/types\/post"}],"author":[{"embeddable":true,"href":"https:\/\/reddeportiva.net\/principal\/index.php?rest_route=\/wp\/v2\/users\/1"}],"replies":[{"embeddable":true,"href":"https:\/\/reddeportiva.net\/principal\/index.php?rest_route=%2Fwp%2Fv2%2Fcomments&post=241704"}],"version-history":[{"count":3,"href":"https:\/\/reddeportiva.net\/principal\/index.php?rest_route=\/wp\/v2\/posts\/241704\/revisions"}],"predecessor-version":[{"id":241707,"href":"https:\/\/reddeportiva.net\/principal\/index.php?rest_route=\/wp\/v2\/posts\/241704\/revisions\/241707"}],"wp:attachment":[{"href":"https:\/\/reddeportiva.net\/principal\/index.php?rest_route=%2Fwp%2Fv2%2Fmedia&parent=241704"}],"wp:term":[{"taxonomy":"category","embeddable":true,"href":"https:\/\/reddeportiva.net\/principal\/index.php?rest_route=%2Fwp%2Fv2%2Fcategories&post=241704"},{"taxonomy":"post_tag","embeddable":true,"href":"https:\/\/reddeportiva.net\/principal\/index.php?rest_route=%2Fwp%2Fv2%2Ftags&post=241704"}],"curies":[{"name":"wp","href":"https:\/\/api.w.org\/{rel}","templated":true}]}}