{"id":241489,"date":"2024-07-05T21:45:34","date_gmt":"2024-07-06T02:45:34","guid":{"rendered":"https:\/\/reddeportiva.net\/principal\/?p=241489"},"modified":"2024-07-06T16:49:53","modified_gmt":"2024-07-06T21:49:53","slug":"willax-en-vivo-milagros-leiva-entrevista-beto-a-saber-combutters-05-07-2024-willax","status":"publish","type":"post","link":"https:\/\/reddeportiva.net\/principal\/?p=241489","title":{"rendered":"Willax en vivo &#8211; MILAGROS LEIVA ENTREVISTA &#8211; BETO A SABER &#8211; COMBUTTERS &#8211; 05\/07\/2024 | Willax"},"content":{"rendered":"\n<figure class=\"wp-block-embed is-type-video is-provider-youtube wp-block-embed-youtube wp-embed-aspect-4-3 wp-has-aspect-ratio\"><div class=\"wp-block-embed__wrapper\">\n<iframe loading=\"lazy\" title=\"Willax en vivo - MILAGROS LEIVA ENTREVISTA - BETO A SABER - COMBUTTERS - 05\/07\/2024 | Willax\" width=\"625\" height=\"352\" src=\"https:\/\/www.youtube.com\/embed\/Zc5U2af1Rz0?feature=oembed\" frameborder=\"0\" allow=\"accelerometer; autoplay; clipboard-write; encrypted-media; gyroscope; picture-in-picture; web-share\" referrerpolicy=\"strict-origin-when-cross-origin\" allowfullscreen><\/iframe>\n<\/div><\/figure>\n\n\n\n<p>\u00a1VERG\u00dcENZA NACIONAL! No Defienden al PER\u00da &#8211; DESTROZ4N a Domingo P\u00e9rez, Rafael Vela y Gustavo Gorriti<\/p>\n\n\n\n<figure class=\"wp-block-embed is-type-video is-provider-youtube wp-block-embed-youtube wp-embed-aspect-16-9 wp-has-aspect-ratio\"><div class=\"wp-block-embed__wrapper\">\n<iframe loading=\"lazy\" title=\"\u00a1VERG\u00dcENZA NACIONAL! No Defienden al PER\u00da - DESTROZ4N a Domingo P\u00e9rez, Rafael Vela y Gustavo Gorriti\" width=\"625\" height=\"352\" src=\"https:\/\/www.youtube.com\/embed\/2-m0Y0cSIvI?feature=oembed\" frameborder=\"0\" allow=\"accelerometer; autoplay; clipboard-write; encrypted-media; gyroscope; picture-in-picture; web-share\" referrerpolicy=\"strict-origin-when-cross-origin\" allowfullscreen><\/iframe>\n<\/div><\/figure>\n\n\n\n<p>Milagros Leiva Entrevista &#8211; JUL 05 &#8211; 3\/3 &#8211; HABLA EL CANCILLER JAVIER GONZ\u00c1LES &#8211; OLAECHEA | Willax<\/p>\n\n\n\n<figure class=\"wp-block-embed is-type-video is-provider-youtube wp-block-embed-youtube wp-embed-aspect-16-9 wp-has-aspect-ratio\"><div class=\"wp-block-embed__wrapper\">\n<iframe loading=\"lazy\" title=\"Milagros Leiva Entrevista - JUL 05 - 3\/3 - HABLA EL CANCILLER JAVIER GONZ\u00c1LES - OLAECHEA | Willax\" width=\"625\" height=\"352\" src=\"https:\/\/www.youtube.com\/embed\/1s9dUUkEI5M?feature=oembed\" frameborder=\"0\" allow=\"accelerometer; autoplay; clipboard-write; encrypted-media; gyroscope; picture-in-picture; web-share\" referrerpolicy=\"strict-origin-when-cross-origin\" allowfullscreen><\/iframe>\n<\/div><\/figure>\n\n\n\n<p>Milagros Leiva Entrevista &#8211; JUL 05 &#8211; 2\/3 &#8211; \u00bfCU\u00c1NDO DAR\u00c1 UNA ENTREVISTA EN EL PER\u00da? | Willax<\/p>\n\n\n\n<figure class=\"wp-block-embed is-type-video is-provider-youtube wp-block-embed-youtube wp-embed-aspect-16-9 wp-has-aspect-ratio\"><div class=\"wp-block-embed__wrapper\">\n<iframe loading=\"lazy\" title=\"Milagros Leiva Entrevista - JUL 05 - 2\/3 - \u00bfCU\u00c1NDO DAR\u00c1 UNA ENTREVISTA EN EL PER\u00da? | Willax\" width=\"625\" height=\"352\" src=\"https:\/\/www.youtube.com\/embed\/VypNBFROoyU?feature=oembed\" frameborder=\"0\" allow=\"accelerometer; autoplay; clipboard-write; encrypted-media; gyroscope; picture-in-picture; web-share\" referrerpolicy=\"strict-origin-when-cross-origin\" allowfullscreen><\/iframe>\n<\/div><\/figure>\n\n\n\n<p>Milagros Leiva Entrevista &#8211; JUL 05 &#8211; 1\/3 &#8211; \u00bfC\u00d3MO NOS FUE EN CHINA? | Willax<\/p>\n\n\n\n<figure class=\"wp-block-embed is-type-video is-provider-youtube wp-block-embed-youtube wp-embed-aspect-16-9 wp-has-aspect-ratio\"><div class=\"wp-block-embed__wrapper\">\n<iframe loading=\"lazy\" title=\"Milagros Leiva Entrevista - JUL 05 - 1\/3 - \u00bfC\u00d3MO NOS FUE EN CHINA? | Willax\" width=\"625\" height=\"352\" src=\"https:\/\/www.youtube.com\/embed\/Af9NU3s5Ong?feature=oembed\" frameborder=\"0\" allow=\"accelerometer; autoplay; clipboard-write; encrypted-media; gyroscope; picture-in-picture; web-share\" referrerpolicy=\"strict-origin-when-cross-origin\" allowfullscreen><\/iframe>\n<\/div><\/figure>\n","protected":false},"excerpt":{"rendered":"<p>\u00a1VERG\u00dcENZA NACIONAL! No Defienden al PER\u00da &#8211; DESTROZ4N a Domingo P\u00e9rez, Rafael Vela y Gustavo Gorriti Milagros Leiva Entrevista &#8211; JUL 05 &#8211; 3\/3 &#8211; HABLA EL CANCILLER JAVIER GONZ\u00c1LES &#8211; OLAECHEA | Willax Milagros Leiva Entrevista &#8211; JUL 05 &#8211; 2\/3 &#8211; \u00bfCU\u00c1NDO DAR\u00c1 UNA ENTREVISTA EN EL PER\u00da? | Willax Milagros Leiva Entrevista [&hellip;]<\/p>\n","protected":false},"author":1,"featured_media":0,"comment_status":"closed","ping_status":"closed","sticky":false,"template":"","format":"standard","meta":{"_exactmetrics_skip_tracking":false,"_exactmetrics_sitenote_active":false,"_exactmetrics_sitenote_note":"","_exactmetrics_sitenote_category":0,"ngg_post_thumbnail":0,"footnotes":""},"categories":[1407,1431,1399,1260,1253,1290,1276,22,1202,1241,1318,429,1297,1430,1335,1425,1286,1416,1237,1462,1277,1459,1222,1223,1291,1441,1404,1349,871,659,603,1213,1442,36,94,1485,1480,200,1383,1306,1287,1336,1313,1447],"tags":[],"class_list":["post-241489","post","type-post","status-publish","format-standard","hentry","category-acuerdo-digital-proyeccion","category-arquitectura","category-biologia-proyeccion","category-bolsa-finanzas","category-buenas-practicas","category-cadena-de-valor","category-certificaciones-finanzas","category-educacion-proyecciones","category-geopolitica-proyecciones","category-gobernanza","category-industrias-proyecciones","category-infraestructura-en-peru","category-infraestructura-transporte-proyecciones","category-ingenieria","category-insumos-proyecciones","category-integracion-cultural","category-integridad","category-inteligencia-artificial","category-libertades","category-maduracion","category-materias-primas-proyecciones","category-mercadeo","category-mundo-cultural","category-mundo-politico","category-organizacion-internacional-proyecciones","category-planeamiento","category-poderes-mundiales","category-primacia-de-la-realidad","category-proyecciones-rutas-de-comercio","category-proyecciones-seguridad","category-proyecciones-sostenible","category-proyecciones-tecnologicas","category-proyectos-y-procesos","category-reddeportiva-net","category-salud-mental","category-seguridad-ciudadana","category-sentido-a-la-vida","category-separata-reddeportiva","category-suministros-proyecciones","category-tolerancia","category-transparencia","category-transporte","category-turismo","category-vivienda"],"_links":{"self":[{"href":"https:\/\/reddeportiva.net\/principal\/index.php?rest_route=\/wp\/v2\/posts\/241489","targetHints":{"allow":["GET"]}}],"collection":[{"href":"https:\/\/reddeportiva.net\/principal\/index.php?rest_route=\/wp\/v2\/posts"}],"about":[{"href":"https:\/\/reddeportiva.net\/principal\/index.php?rest_route=\/wp\/v2\/types\/post"}],"author":[{"embeddable":true,"href":"https:\/\/reddeportiva.net\/principal\/index.php?rest_route=\/wp\/v2\/users\/1"}],"replies":[{"embeddable":true,"href":"https:\/\/reddeportiva.net\/principal\/index.php?rest_route=%2Fwp%2Fv2%2Fcomments&post=241489"}],"version-history":[{"count":4,"href":"https:\/\/reddeportiva.net\/principal\/index.php?rest_route=\/wp\/v2\/posts\/241489\/revisions"}],"predecessor-version":[{"id":241498,"href":"https:\/\/reddeportiva.net\/principal\/index.php?rest_route=\/wp\/v2\/posts\/241489\/revisions\/241498"}],"wp:attachment":[{"href":"https:\/\/reddeportiva.net\/principal\/index.php?rest_route=%2Fwp%2Fv2%2Fmedia&parent=241489"}],"wp:term":[{"taxonomy":"category","embeddable":true,"href":"https:\/\/reddeportiva.net\/principal\/index.php?rest_route=%2Fwp%2Fv2%2Fcategories&post=241489"},{"taxonomy":"post_tag","embeddable":true,"href":"https:\/\/reddeportiva.net\/principal\/index.php?rest_route=%2Fwp%2Fv2%2Ftags&post=241489"}],"curies":[{"name":"wp","href":"https:\/\/api.w.org\/{rel}","templated":true}]}}