{"id":241115,"date":"2024-05-09T01:01:51","date_gmt":"2024-05-09T06:01:51","guid":{"rendered":"https:\/\/reddeportiva.net\/principal\/?p=241115"},"modified":"2024-05-09T01:01:52","modified_gmt":"2024-05-09T06:01:52","slug":"jnj-habria-votado-en-terminos-personales-para-no-ratificar-a-piero-corvetto-segun-fernando-tuesta","status":"publish","type":"post","link":"https:\/\/reddeportiva.net\/principal\/?p=241115","title":{"rendered":"JNJ habr\u00eda votado en \u00abt\u00e9rminos personales\u00bb para no ratificar a Piero Corvetto, seg\u00fan Fernando Tuesta"},"content":{"rendered":"\n<figure class=\"wp-block-embed is-type-video is-provider-youtube wp-block-embed-youtube wp-embed-aspect-16-9 wp-has-aspect-ratio\"><div class=\"wp-block-embed__wrapper\">\n<iframe loading=\"lazy\" title=\"JNJ habr\u00eda votado en &quot;t\u00e9rminos personales&quot; para no ratificar a Piero Corvetto, seg\u00fan Fernando Tuesta\" width=\"625\" height=\"352\" src=\"https:\/\/www.youtube.com\/embed\/0FOAxpbMJ2s?feature=oembed\" frameborder=\"0\" allow=\"accelerometer; autoplay; clipboard-write; encrypted-media; gyroscope; picture-in-picture; web-share\" referrerpolicy=\"strict-origin-when-cross-origin\" allowfullscreen><\/iframe>\n<\/div><\/figure>\n","protected":false},"excerpt":{"rendered":"","protected":false},"author":1,"featured_media":0,"comment_status":"closed","ping_status":"closed","sticky":false,"template":"","format":"standard","meta":{"_exactmetrics_skip_tracking":false,"_exactmetrics_sitenote_active":false,"_exactmetrics_sitenote_note":"","_exactmetrics_sitenote_category":0,"ngg_post_thumbnail":0,"footnotes":""},"categories":[1262,1253,1290,1239,1296,1247,1448,1303,1281,1376,1226,1307,1241,1319,1243,1286,1237,1223,1323,1308,1349,659,36,1475,1384,1385,200,1287],"tags":[],"class_list":["post-241115","post","type-post","status-publish","format-standard","hentry","category-acuerdos","category-buenas-practicas","category-cadena-de-valor","category-cambio-social","category-concertacion","category-contratos","category-corrupcion","category-crimen-organizado","category-cronologias-proyecciones","category-democracia","category-elecciones","category-estado-de-derecho","category-gobernanza","category-ideologizacion","category-institucionalidad","category-integridad","category-libertades","category-mundo-politico","category-odio-mediatico","category-politizacion","category-primacia-de-la-realidad","category-proyecciones-seguridad","category-reddeportiva-net","category-relativismo","category-riesgos-y-vulnerabilidades","category-seguridad-mediatica","category-separata-reddeportiva","category-transparencia"],"_links":{"self":[{"href":"https:\/\/reddeportiva.net\/principal\/index.php?rest_route=\/wp\/v2\/posts\/241115","targetHints":{"allow":["GET"]}}],"collection":[{"href":"https:\/\/reddeportiva.net\/principal\/index.php?rest_route=\/wp\/v2\/posts"}],"about":[{"href":"https:\/\/reddeportiva.net\/principal\/index.php?rest_route=\/wp\/v2\/types\/post"}],"author":[{"embeddable":true,"href":"https:\/\/reddeportiva.net\/principal\/index.php?rest_route=\/wp\/v2\/users\/1"}],"replies":[{"embeddable":true,"href":"https:\/\/reddeportiva.net\/principal\/index.php?rest_route=%2Fwp%2Fv2%2Fcomments&post=241115"}],"version-history":[{"count":2,"href":"https:\/\/reddeportiva.net\/principal\/index.php?rest_route=\/wp\/v2\/posts\/241115\/revisions"}],"predecessor-version":[{"id":241117,"href":"https:\/\/reddeportiva.net\/principal\/index.php?rest_route=\/wp\/v2\/posts\/241115\/revisions\/241117"}],"wp:attachment":[{"href":"https:\/\/reddeportiva.net\/principal\/index.php?rest_route=%2Fwp%2Fv2%2Fmedia&parent=241115"}],"wp:term":[{"taxonomy":"category","embeddable":true,"href":"https:\/\/reddeportiva.net\/principal\/index.php?rest_route=%2Fwp%2Fv2%2Fcategories&post=241115"},{"taxonomy":"post_tag","embeddable":true,"href":"https:\/\/reddeportiva.net\/principal\/index.php?rest_route=%2Fwp%2Fv2%2Ftags&post=241115"}],"curies":[{"name":"wp","href":"https:\/\/api.w.org\/{rel}","templated":true}]}}