{"id":240779,"date":"2024-04-07T22:17:06","date_gmt":"2024-04-08T03:17:06","guid":{"rendered":"https:\/\/reddeportiva.net\/principal\/?p=240779"},"modified":"2024-04-07T22:17:08","modified_gmt":"2024-04-08T03:17:08","slug":"el-problema-con-la-mineria-en-peru-y-en-casi-toda-america-latina-visualpolitik","status":"publish","type":"post","link":"https:\/\/reddeportiva.net\/principal\/?p=240779","title":{"rendered":"El PROBLEMA con la MINER\u00cdA en PER\u00da (Y en casi toda AM\u00c9RICA LATINA) &#8211; VisualPolitik"},"content":{"rendered":"\n<figure class=\"wp-block-embed is-type-video is-provider-youtube wp-block-embed-youtube wp-embed-aspect-16-9 wp-has-aspect-ratio\"><div class=\"wp-block-embed__wrapper\">\n<iframe loading=\"lazy\" title=\"El PROBLEMA con la MINER\u00cdA en PER\u00da (Y en casi toda AM\u00c9RICA LATINA) - VisualPolitik\" width=\"625\" height=\"352\" src=\"https:\/\/www.youtube.com\/embed\/OGHVgi1Xxy8?feature=oembed\" frameborder=\"0\" allow=\"accelerometer; autoplay; clipboard-write; encrypted-media; gyroscope; picture-in-picture; web-share\" referrerpolicy=\"strict-origin-when-cross-origin\" allowfullscreen><\/iframe>\n<\/div><\/figure>\n","protected":false},"excerpt":{"rendered":"","protected":false},"author":1,"featured_media":0,"comment_status":"closed","ping_status":"closed","sticky":false,"template":"","format":"standard","meta":{"_exactmetrics_skip_tracking":false,"_exactmetrics_sitenote_active":false,"_exactmetrics_sitenote_note":"","_exactmetrics_sitenote_category":0,"ngg_post_thumbnail":0,"footnotes":""},"categories":[1278,1342,1406,1202,1401,1319,1425,1476,1429,1222,1293,1264,1223,1404,1308,1218,1299,659,603,1213,36,1384,1381,200],"tags":[],"class_list":["post-240779","post","type-post","status-publish","format-standard","hentry","category-accion-politica-proyecciones","category-contaminacion-ambiente","category-demagogia","category-geopolitica-proyecciones","category-hostilizacion","category-ideologizacion","category-integracion-cultural","category-manejo-del-agua-ambiente","category-mineria-produccion-proyecciones","category-mundo-cultural","category-mundo-laboral","category-mundo-natural","category-mundo-politico","category-poderes-mundiales","category-politizacion","category-proteccion-naturaleza-ambiente","category-protestas","category-proyecciones-seguridad","category-proyecciones-sostenible","category-proyecciones-tecnologicas","category-reddeportiva-net","category-riesgos-y-vulnerabilidades","category-seguridad-social","category-separata-reddeportiva"],"_links":{"self":[{"href":"https:\/\/reddeportiva.net\/principal\/index.php?rest_route=\/wp\/v2\/posts\/240779","targetHints":{"allow":["GET"]}}],"collection":[{"href":"https:\/\/reddeportiva.net\/principal\/index.php?rest_route=\/wp\/v2\/posts"}],"about":[{"href":"https:\/\/reddeportiva.net\/principal\/index.php?rest_route=\/wp\/v2\/types\/post"}],"author":[{"embeddable":true,"href":"https:\/\/reddeportiva.net\/principal\/index.php?rest_route=\/wp\/v2\/users\/1"}],"replies":[{"embeddable":true,"href":"https:\/\/reddeportiva.net\/principal\/index.php?rest_route=%2Fwp%2Fv2%2Fcomments&post=240779"}],"version-history":[{"count":2,"href":"https:\/\/reddeportiva.net\/principal\/index.php?rest_route=\/wp\/v2\/posts\/240779\/revisions"}],"predecessor-version":[{"id":240781,"href":"https:\/\/reddeportiva.net\/principal\/index.php?rest_route=\/wp\/v2\/posts\/240779\/revisions\/240781"}],"wp:attachment":[{"href":"https:\/\/reddeportiva.net\/principal\/index.php?rest_route=%2Fwp%2Fv2%2Fmedia&parent=240779"}],"wp:term":[{"taxonomy":"category","embeddable":true,"href":"https:\/\/reddeportiva.net\/principal\/index.php?rest_route=%2Fwp%2Fv2%2Fcategories&post=240779"},{"taxonomy":"post_tag","embeddable":true,"href":"https:\/\/reddeportiva.net\/principal\/index.php?rest_route=%2Fwp%2Fv2%2Ftags&post=240779"}],"curies":[{"name":"wp","href":"https:\/\/api.w.org\/{rel}","templated":true}]}}