{"id":240426,"date":"2024-01-15T06:59:39","date_gmt":"2024-01-15T11:59:39","guid":{"rendered":"https:\/\/reddeportiva.net\/principal\/?p=240426"},"modified":"2024-01-15T06:59:40","modified_gmt":"2024-01-15T11:59:40","slug":"lima-sera-sede-de-reunion-entre-paises-de-la-can-contra-la-criminalidad-organizada-transnacional","status":"publish","type":"post","link":"https:\/\/reddeportiva.net\/principal\/?p=240426","title":{"rendered":"Lima ser\u00e1 sede de reuni\u00f3n entre pa\u00edses de la CAN contra la criminalidad organizada transnacional"},"content":{"rendered":"\n<figure class=\"wp-block-embed is-type-video is-provider-youtube wp-block-embed-youtube wp-embed-aspect-16-9 wp-has-aspect-ratio\"><div class=\"wp-block-embed__wrapper\">\n<iframe loading=\"lazy\" title=\"Lima ser\u00e1 sede de reuni\u00f3n entre pa\u00edses de la CAN contra la criminalidad organizada transnacional\" width=\"625\" height=\"352\" src=\"https:\/\/www.youtube.com\/embed\/KMh3HXPupfs?feature=oembed\" frameborder=\"0\" allow=\"accelerometer; autoplay; clipboard-write; encrypted-media; gyroscope; picture-in-picture; web-share\" referrerpolicy=\"strict-origin-when-cross-origin\" allowfullscreen><\/iframe>\n<\/div><\/figure>\n","protected":false},"excerpt":{"rendered":"","protected":false},"author":1,"featured_media":0,"comment_status":"closed","ping_status":"closed","sticky":false,"template":"","format":"standard","meta":{"_exactmetrics_skip_tracking":false,"_exactmetrics_sitenote_active":false,"_exactmetrics_sitenote_note":"","_exactmetrics_sitenote_category":0,"ngg_post_thumbnail":0,"footnotes":""},"categories":[1262,1464,1451,1239,1486,1449,1295,1296,1202,1370,1243,1425,1286,1237,1249,1223,1409,1450,1291,1294,1353,1176,1209,36,1252,1274,1480,200,1224,1287],"tags":[],"class_list":["post-240426","post","type-post","status-publish","format-standard","hentry","category-acuerdos","category-apec","category-brics","category-cambio-social","category-can","category-celac","category-compromisos","category-concertacion","category-geopolitica-proyecciones","category-humanismo","category-institucionalidad","category-integracion-cultural","category-integridad","category-libertades","category-mercadeo-justo","category-mundo-politico","category-ocde","category-oea","category-organizacion-internacional-proyecciones","category-organizacion-moral-proyecciones","category-organizacion-multilateralismo-proyecciones","category-organizacion-politica-proyecciones","category-proyecciones-instituciones","category-reddeportiva-net","category-respeto","category-responsabilidad","category-sentido-a-la-vida","category-separata-reddeportiva","category-solidaridad","category-transparencia"],"_links":{"self":[{"href":"https:\/\/reddeportiva.net\/principal\/index.php?rest_route=\/wp\/v2\/posts\/240426","targetHints":{"allow":["GET"]}}],"collection":[{"href":"https:\/\/reddeportiva.net\/principal\/index.php?rest_route=\/wp\/v2\/posts"}],"about":[{"href":"https:\/\/reddeportiva.net\/principal\/index.php?rest_route=\/wp\/v2\/types\/post"}],"author":[{"embeddable":true,"href":"https:\/\/reddeportiva.net\/principal\/index.php?rest_route=\/wp\/v2\/users\/1"}],"replies":[{"embeddable":true,"href":"https:\/\/reddeportiva.net\/principal\/index.php?rest_route=%2Fwp%2Fv2%2Fcomments&post=240426"}],"version-history":[{"count":2,"href":"https:\/\/reddeportiva.net\/principal\/index.php?rest_route=\/wp\/v2\/posts\/240426\/revisions"}],"predecessor-version":[{"id":240428,"href":"https:\/\/reddeportiva.net\/principal\/index.php?rest_route=\/wp\/v2\/posts\/240426\/revisions\/240428"}],"wp:attachment":[{"href":"https:\/\/reddeportiva.net\/principal\/index.php?rest_route=%2Fwp%2Fv2%2Fmedia&parent=240426"}],"wp:term":[{"taxonomy":"category","embeddable":true,"href":"https:\/\/reddeportiva.net\/principal\/index.php?rest_route=%2Fwp%2Fv2%2Fcategories&post=240426"},{"taxonomy":"post_tag","embeddable":true,"href":"https:\/\/reddeportiva.net\/principal\/index.php?rest_route=%2Fwp%2Fv2%2Ftags&post=240426"}],"curies":[{"name":"wp","href":"https:\/\/api.w.org\/{rel}","templated":true}]}}