{"id":240249,"date":"2023-12-24T13:48:44","date_gmt":"2023-12-24T18:48:44","guid":{"rendered":"https:\/\/reddeportiva.net\/principal\/?p=240249"},"modified":"2023-12-24T18:48:55","modified_gmt":"2023-12-24T23:48:55","slug":"la-noticia-del-dia-agua-todo-el-ano-que-bueno-seria","status":"publish","type":"post","link":"https:\/\/reddeportiva.net\/principal\/?p=240249","title":{"rendered":"La Noticia del d\u00eda: Agua todo el a\u00f1o\u2026 \u00a1qu\u00e9 bueno ser\u00eda!"},"content":{"rendered":"\n<figure class=\"wp-block-embed is-type-video is-provider-youtube wp-block-embed-youtube wp-embed-aspect-16-9 wp-has-aspect-ratio\"><div class=\"wp-block-embed__wrapper\">\n<iframe loading=\"lazy\" title=\"La Noticia del d\u00eda: Agua todo el a\u00f1o\u2026 \u00a1qu\u00e9 bueno ser\u00eda!\" width=\"625\" height=\"352\" src=\"https:\/\/www.youtube.com\/embed\/u2RMIa82g3M?feature=oembed\" frameborder=\"0\" allow=\"accelerometer; autoplay; clipboard-write; encrypted-media; gyroscope; picture-in-picture; web-share\" referrerpolicy=\"strict-origin-when-cross-origin\" allowfullscreen><\/iframe>\n<\/div><\/figure>\n\n\n\n<p>La Noticia del d\u00eda: Justicia ideologizada, rencorosa, corrupta y farisea<\/p>\n\n\n\n<figure class=\"wp-block-embed is-type-video is-provider-youtube wp-block-embed-youtube wp-embed-aspect-16-9 wp-has-aspect-ratio\"><div class=\"wp-block-embed__wrapper\">\n<iframe loading=\"lazy\" title=\"La Noticia del d\u00eda: Justicia ideologizada, rencorosa, corrupta y farisea\" width=\"625\" height=\"352\" src=\"https:\/\/www.youtube.com\/embed\/vTkoV0eQd3w?feature=oembed\" frameborder=\"0\" allow=\"accelerometer; autoplay; clipboard-write; encrypted-media; gyroscope; picture-in-picture; web-share\" referrerpolicy=\"strict-origin-when-cross-origin\" allowfullscreen><\/iframe>\n<\/div><\/figure>\n\n\n\n<p>La Noticia del d\u00eda: Castillo deb\u00eda ser derrotado\u2026<\/p>\n\n\n\n<figure class=\"wp-block-embed is-type-video is-provider-youtube wp-block-embed-youtube wp-embed-aspect-16-9 wp-has-aspect-ratio\"><div class=\"wp-block-embed__wrapper\">\n<iframe loading=\"lazy\" title=\"La Noticia del d\u00eda: Castillo deb\u00eda ser derrotado\u2026\" width=\"625\" height=\"352\" src=\"https:\/\/www.youtube.com\/embed\/_gEitBtCro4?feature=oembed\" frameborder=\"0\" allow=\"accelerometer; autoplay; clipboard-write; encrypted-media; gyroscope; picture-in-picture; web-share\" referrerpolicy=\"strict-origin-when-cross-origin\" allowfullscreen><\/iframe>\n<\/div><\/figure>\n\n\n\n<p>La Noticia del d\u00eda: El \u201cpaciente cero\u201d del virus de la Extrema Corrupci\u00f3n.<\/p>\n\n\n\n<figure class=\"wp-block-embed is-type-video is-provider-youtube wp-block-embed-youtube wp-embed-aspect-16-9 wp-has-aspect-ratio\"><div class=\"wp-block-embed__wrapper\">\n<iframe loading=\"lazy\" title=\"La Noticia del d\u00eda: El \u201cpaciente cero\u201d del virus de la Extrema Corrupci\u00f3n.\" width=\"625\" height=\"352\" src=\"https:\/\/www.youtube.com\/embed\/pB1H8Fd_Hic?feature=oembed\" frameborder=\"0\" allow=\"accelerometer; autoplay; clipboard-write; encrypted-media; gyroscope; picture-in-picture; web-share\" referrerpolicy=\"strict-origin-when-cross-origin\" allowfullscreen><\/iframe>\n<\/div><\/figure>\n\n\n\n<p>La Noticia del d\u00eda: Lo que Castillo dijo \u2013 y no dijo \u2013 ante la FAO.<\/p>\n\n\n\n<figure class=\"wp-block-embed is-type-video is-provider-youtube wp-block-embed-youtube wp-embed-aspect-16-9 wp-has-aspect-ratio\"><div class=\"wp-block-embed__wrapper\">\n<iframe loading=\"lazy\" title=\"La Noticia del d\u00eda: Lo que Castillo dijo \u2013 y no dijo \u2013 ante la FAO.\" width=\"625\" height=\"352\" src=\"https:\/\/www.youtube.com\/embed\/1w9lvumo3Po?feature=oembed\" frameborder=\"0\" allow=\"accelerometer; autoplay; clipboard-write; encrypted-media; gyroscope; picture-in-picture; web-share\" referrerpolicy=\"strict-origin-when-cross-origin\" allowfullscreen><\/iframe>\n<\/div><\/figure>\n\n\n\n<p>La Noticia del d\u00eda: Separaci\u00f3n de poderes (corruptos) en el Estado.<\/p>\n\n\n\n<figure class=\"wp-block-embed is-type-video is-provider-youtube wp-block-embed-youtube wp-embed-aspect-16-9 wp-has-aspect-ratio\"><div class=\"wp-block-embed__wrapper\">\n<iframe loading=\"lazy\" title=\"La Noticia del d\u00eda: Separaci\u00f3n de poderes (corruptos) en el Estado.\" width=\"625\" height=\"352\" src=\"https:\/\/www.youtube.com\/embed\/tf54TISyRNA?feature=oembed\" frameborder=\"0\" allow=\"accelerometer; autoplay; clipboard-write; encrypted-media; gyroscope; picture-in-picture; web-share\" referrerpolicy=\"strict-origin-when-cross-origin\" allowfullscreen><\/iframe>\n<\/div><\/figure>\n\n\n\n<p>Vacancia presidencial: legalmente procedente\u2026 pol\u00edticamente imperativa.<\/p>\n\n\n\n<figure class=\"wp-block-embed is-type-video is-provider-youtube wp-block-embed-youtube wp-embed-aspect-16-9 wp-has-aspect-ratio\"><div class=\"wp-block-embed__wrapper\">\n<iframe loading=\"lazy\" title=\"Vacancia presidencial: legalmente procedente\u2026 pol\u00edticamente imperativa.\" width=\"625\" height=\"352\" src=\"https:\/\/www.youtube.com\/embed\/h0gihY7TQ3M?feature=oembed\" frameborder=\"0\" allow=\"accelerometer; autoplay; clipboard-write; encrypted-media; gyroscope; picture-in-picture; web-share\" referrerpolicy=\"strict-origin-when-cross-origin\" allowfullscreen><\/iframe>\n<\/div><\/figure>\n\n\n\n<p>La Noticia del d\u00eda: Las empresas no le fallaron al Estado. El Estado le fall\u00f3 a las empresas.<\/p>\n\n\n\n<figure class=\"wp-block-embed is-type-video is-provider-youtube wp-block-embed-youtube wp-embed-aspect-16-9 wp-has-aspect-ratio\"><div class=\"wp-block-embed__wrapper\">\n<iframe loading=\"lazy\" title=\"La Noticia del d\u00eda: Las empresas no le fallaron al Estado. El Estado le fall\u00f3 a las empresas.\" width=\"625\" height=\"352\" src=\"https:\/\/www.youtube.com\/embed\/XqBmetsBuQY?feature=oembed\" frameborder=\"0\" allow=\"accelerometer; autoplay; clipboard-write; encrypted-media; gyroscope; picture-in-picture; web-share\" referrerpolicy=\"strict-origin-when-cross-origin\" allowfullscreen><\/iframe>\n<\/div><\/figure>\n\n\n\n<p>La Noticia del d\u00eda: El campo produce cada vez m\u00e1s\u2026 pero la ciudad consume cada vez menos.<\/p>\n\n\n\n<figure class=\"wp-block-embed is-type-video is-provider-youtube wp-block-embed-youtube wp-embed-aspect-16-9 wp-has-aspect-ratio\"><div class=\"wp-block-embed__wrapper\">\n<iframe loading=\"lazy\" title=\"La Noticia del d\u00eda: El campo produce cada vez ma\u0301s\u2026 pero la ciudad consume cada vez menos.\" width=\"625\" height=\"352\" src=\"https:\/\/www.youtube.com\/embed\/GVC80Bhas6I?feature=oembed\" frameborder=\"0\" allow=\"accelerometer; autoplay; clipboard-write; encrypted-media; gyroscope; picture-in-picture; web-share\" referrerpolicy=\"strict-origin-when-cross-origin\" allowfullscreen><\/iframe>\n<\/div><\/figure>\n\n\n\n<p>La Noticia del d\u00eda: Las empresas no le fallaron al Estado. El Estado le fall\u00f3 a las empresas.<\/p>\n\n\n\n<figure class=\"wp-block-embed is-type-video is-provider-youtube wp-block-embed-youtube wp-embed-aspect-16-9 wp-has-aspect-ratio\"><div class=\"wp-block-embed__wrapper\">\n<iframe loading=\"lazy\" title=\"La Noticia del d\u00eda: Las empresas no le fallaron al Estado. El Estado le fall\u00f3 a las empresas.\" width=\"625\" height=\"352\" src=\"https:\/\/www.youtube.com\/embed\/XqBmetsBuQY?feature=oembed\" frameborder=\"0\" allow=\"accelerometer; autoplay; clipboard-write; encrypted-media; gyroscope; picture-in-picture; web-share\" referrerpolicy=\"strict-origin-when-cross-origin\" allowfullscreen><\/iframe>\n<\/div><\/figure>\n\n\n\n<p>La Noticia del d\u00eda: Un Estado sin m\u00e9ritos, ni dem\u00e9ritos<\/p>\n\n\n\n<figure class=\"wp-block-embed is-type-video is-provider-youtube wp-block-embed-youtube wp-embed-aspect-16-9 wp-has-aspect-ratio\"><div class=\"wp-block-embed__wrapper\">\n<iframe loading=\"lazy\" title=\"La Noticia del d\u00eda: Un Estado sin m\u00e9ritos, ni dem\u00e9ritos\" width=\"625\" height=\"352\" src=\"https:\/\/www.youtube.com\/embed\/2EXQinrsv0E?feature=oembed\" frameborder=\"0\" allow=\"accelerometer; autoplay; clipboard-write; encrypted-media; gyroscope; picture-in-picture; web-share\" referrerpolicy=\"strict-origin-when-cross-origin\" allowfullscreen><\/iframe>\n<\/div><\/figure>\n\n\n\n<p>La Noticia del d\u00eda: \u201cEl profesional se ve en el campo\u201d<\/p>\n\n\n\n<figure class=\"wp-block-embed is-type-video is-provider-youtube wp-block-embed-youtube wp-embed-aspect-16-9 wp-has-aspect-ratio\"><div class=\"wp-block-embed__wrapper\">\n<iframe loading=\"lazy\" title=\"La Noticia del d\u00eda: \u201cEl profesional se ve en el campo\u201d\" width=\"625\" height=\"352\" src=\"https:\/\/www.youtube.com\/embed\/SJC_NdsLFoA?feature=oembed\" frameborder=\"0\" allow=\"accelerometer; autoplay; clipboard-write; encrypted-media; gyroscope; picture-in-picture; web-share\" referrerpolicy=\"strict-origin-when-cross-origin\" allowfullscreen><\/iframe>\n<\/div><\/figure>\n\n\n\n<p>La Noticia del d\u00eda: Cambio clim\u00e1tico mundial\u2026 \u00bfqu\u00e9 hace el gobierno peruano al respecto?.<\/p>\n\n\n\n<figure class=\"wp-block-embed is-type-video is-provider-youtube wp-block-embed-youtube wp-embed-aspect-16-9 wp-has-aspect-ratio\"><div class=\"wp-block-embed__wrapper\">\n<iframe loading=\"lazy\" title=\"La Noticia del d\u00eda: Cambio clim\u00e1tico mundial\u2026 \u00bfqu\u00e9 hace el gobierno peruano al respecto?.\" width=\"625\" height=\"352\" src=\"https:\/\/www.youtube.com\/embed\/VFekC5QSnrU?feature=oembed\" frameborder=\"0\" allow=\"accelerometer; autoplay; clipboard-write; encrypted-media; gyroscope; picture-in-picture; web-share\" referrerpolicy=\"strict-origin-when-cross-origin\" allowfullscreen><\/iframe>\n<\/div><\/figure>\n\n\n\n<p>La Noticia del d\u00eda: Escasez de agua\u2026 por ignorancia, indolencia y corrupci\u00f3n.<\/p>\n\n\n\n<figure class=\"wp-block-embed is-type-video is-provider-youtube wp-block-embed-youtube wp-embed-aspect-16-9 wp-has-aspect-ratio\"><div class=\"wp-block-embed__wrapper\">\n<iframe loading=\"lazy\" title=\"La Noticia del d\u00eda: Escasez de agua\u2026 por ignorancia, indolencia y corrupci\u00f3n.\" width=\"625\" height=\"352\" src=\"https:\/\/www.youtube.com\/embed\/h_XTMFWCo_M?feature=oembed\" frameborder=\"0\" allow=\"accelerometer; autoplay; clipboard-write; encrypted-media; gyroscope; picture-in-picture; web-share\" referrerpolicy=\"strict-origin-when-cross-origin\" allowfullscreen><\/iframe>\n<\/div><\/figure>\n\n\n\n<p>La Noticia del d\u00eda: As\u00ed operan los corruptos\u2026 siempre.<\/p>\n\n\n\n<figure class=\"wp-block-embed is-type-video is-provider-youtube wp-block-embed-youtube wp-embed-aspect-16-9 wp-has-aspect-ratio\"><div class=\"wp-block-embed__wrapper\">\n<iframe loading=\"lazy\" title=\"La Noticia del d\u00eda: As\u00ed operan los corruptos\u2026 siempre.\" width=\"625\" height=\"352\" src=\"https:\/\/www.youtube.com\/embed\/-pAMofbRe0c?feature=oembed\" frameborder=\"0\" allow=\"accelerometer; autoplay; clipboard-write; encrypted-media; gyroscope; picture-in-picture; web-share\" referrerpolicy=\"strict-origin-when-cross-origin\" allowfullscreen><\/iframe>\n<\/div><\/figure>\n\n\n\n<p>La Noticia del d\u00eda: Es hora de priorizar la generaci\u00f3n de empleo formal.<\/p>\n\n\n\n<figure class=\"wp-block-embed is-type-video is-provider-youtube wp-block-embed-youtube wp-embed-aspect-16-9 wp-has-aspect-ratio\"><div class=\"wp-block-embed__wrapper\">\n<iframe loading=\"lazy\" title=\"La Noticia del d\u00eda: Es hora de priorizar la generacio\u0301n de empleo formal.\" width=\"625\" height=\"352\" src=\"https:\/\/www.youtube.com\/embed\/4oUoJTSZLXc?feature=oembed\" frameborder=\"0\" allow=\"accelerometer; autoplay; clipboard-write; encrypted-media; gyroscope; picture-in-picture; web-share\" referrerpolicy=\"strict-origin-when-cross-origin\" allowfullscreen><\/iframe>\n<\/div><\/figure>\n\n\n\n<p>La Noticia del d\u00eda: Otro s\u00faper ciclo econ\u00f3mico desaprovechado.<\/p>\n\n\n\n<figure class=\"wp-block-embed is-type-video is-provider-youtube wp-block-embed-youtube wp-embed-aspect-16-9 wp-has-aspect-ratio\"><div class=\"wp-block-embed__wrapper\">\n<iframe loading=\"lazy\" title=\"La Noticia del d\u00eda: Otro s\u00faper ciclo econ\u00f3mico desaprovechado.\" width=\"625\" height=\"352\" src=\"https:\/\/www.youtube.com\/embed\/9Xn10Y9Ok2w?feature=oembed\" frameborder=\"0\" allow=\"accelerometer; autoplay; clipboard-write; encrypted-media; gyroscope; picture-in-picture; web-share\" referrerpolicy=\"strict-origin-when-cross-origin\" allowfullscreen><\/iframe>\n<\/div><\/figure>\n\n\n\n<p>La Noticia del d\u00eda: Hablando de inequidades\u2026 el Estado es el problema.<\/p>\n\n\n\n<figure class=\"wp-block-embed is-type-video is-provider-youtube wp-block-embed-youtube wp-embed-aspect-16-9 wp-has-aspect-ratio\"><div class=\"wp-block-embed__wrapper\">\n<iframe loading=\"lazy\" title=\"La Noticia del d\u00eda: Hablando de inequidades\u2026 el Estado es el problema.\" width=\"625\" height=\"352\" src=\"https:\/\/www.youtube.com\/embed\/t0zL25HkC7A?feature=oembed\" frameborder=\"0\" allow=\"accelerometer; autoplay; clipboard-write; encrypted-media; gyroscope; picture-in-picture; web-share\" referrerpolicy=\"strict-origin-when-cross-origin\" allowfullscreen><\/iframe>\n<\/div><\/figure>\n\n\n\n<p>La Noticia del d\u00eda: \u00a1ESTADO!\u2026 \u00bfest\u00e1s ah\u00ed?<\/p>\n\n\n\n<figure class=\"wp-block-embed is-type-video is-provider-youtube wp-block-embed-youtube wp-embed-aspect-16-9 wp-has-aspect-ratio\"><div class=\"wp-block-embed__wrapper\">\n<iframe loading=\"lazy\" title=\"La Noticia del d\u00eda: \u00a1ESTADO!\u2026 \u00bfest\u00e1s ah\u00ed?\" width=\"625\" height=\"352\" src=\"https:\/\/www.youtube.com\/embed\/QMIylQMiK4Y?feature=oembed\" frameborder=\"0\" allow=\"accelerometer; autoplay; clipboard-write; encrypted-media; gyroscope; picture-in-picture; web-share\" referrerpolicy=\"strict-origin-when-cross-origin\" allowfullscreen><\/iframe>\n<\/div><\/figure>\n\n\n\n<p>La Noticia del d\u00eda: Ausencia de poder p\u00fablico\u2026 anarqu\u00eda.<\/p>\n\n\n\n<figure class=\"wp-block-embed is-type-video is-provider-youtube wp-block-embed-youtube wp-embed-aspect-16-9 wp-has-aspect-ratio\"><div class=\"wp-block-embed__wrapper\">\n<iframe loading=\"lazy\" title=\"La Noticia del d\u00eda: Ausencia de poder p\u00fablico\u2026 anarqu\u00eda.\" width=\"625\" height=\"352\" src=\"https:\/\/www.youtube.com\/embed\/nTxkoaVrqx4?feature=oembed\" frameborder=\"0\" allow=\"accelerometer; autoplay; clipboard-write; encrypted-media; gyroscope; picture-in-picture; web-share\" referrerpolicy=\"strict-origin-when-cross-origin\" allowfullscreen><\/iframe>\n<\/div><\/figure>\n\n\n\n<p>Inform@cci\u00f3n: \u201cAltas temperaturas afectan mucho a la Costa Norte y poco &#8211; o nada &#8211; a la Costa Sur.\u201d<\/p>\n\n\n\n<figure class=\"wp-block-embed is-type-video is-provider-youtube wp-block-embed-youtube wp-embed-aspect-16-9 wp-has-aspect-ratio\"><div class=\"wp-block-embed__wrapper\">\n<iframe loading=\"lazy\" title=\"Inform@cci\u00f3n: \u201cAltas temperaturas afectan mucho a la Costa Norte y poco - o nada - a la Costa Sur.\u201d\" width=\"625\" height=\"352\" src=\"https:\/\/www.youtube.com\/embed\/wu3bs8hNETk?feature=oembed\" frameborder=\"0\" allow=\"accelerometer; autoplay; clipboard-write; encrypted-media; gyroscope; picture-in-picture; web-share\" referrerpolicy=\"strict-origin-when-cross-origin\" allowfullscreen><\/iframe>\n<\/div><\/figure>\n\n\n\n<p>La Noticia del d\u00eda: Corrupci\u00f3n e inoperancia regionalizadas.<\/p>\n\n\n\n<figure class=\"wp-block-embed is-type-video is-provider-youtube wp-block-embed-youtube wp-embed-aspect-16-9 wp-has-aspect-ratio\"><div class=\"wp-block-embed__wrapper\">\n<iframe loading=\"lazy\" title=\"La Noticia del d\u00eda: Corrupci\u00f3n e inoperancia regionalizadas.\" width=\"625\" height=\"352\" src=\"https:\/\/www.youtube.com\/embed\/vbZLTp-TLzA?feature=oembed\" frameborder=\"0\" allow=\"accelerometer; autoplay; clipboard-write; encrypted-media; gyroscope; picture-in-picture; web-share\" referrerpolicy=\"strict-origin-when-cross-origin\" allowfullscreen><\/iframe>\n<\/div><\/figure>\n\n\n\n<p>La Noticia del d\u00eda: El Estado\u2026 el mayor (in)justiciero del pa\u00eds.<\/p>\n\n\n\n<figure class=\"wp-block-embed is-type-video is-provider-youtube wp-block-embed-youtube wp-embed-aspect-16-9 wp-has-aspect-ratio\"><div class=\"wp-block-embed__wrapper\">\n<iframe loading=\"lazy\" title=\"La Noticia del d\u00eda: El Estado\u2026 el mayor (in)justiciero del pa\u00eds.\" width=\"625\" height=\"352\" src=\"https:\/\/www.youtube.com\/embed\/jFnllkVSj6E?feature=oembed\" frameborder=\"0\" allow=\"accelerometer; autoplay; clipboard-write; encrypted-media; gyroscope; picture-in-picture; web-share\" referrerpolicy=\"strict-origin-when-cross-origin\" allowfullscreen><\/iframe>\n<\/div><\/figure>\n\n\n\n<p>La Noticia del d\u00eda: Sancionar a delincuentes\u2026 jam\u00e1s. Denigrar a las FFAA\u2026 eso s\u00ed.<\/p>\n\n\n\n<figure class=\"wp-block-embed is-type-video is-provider-youtube wp-block-embed-youtube wp-embed-aspect-16-9 wp-has-aspect-ratio\"><div class=\"wp-block-embed__wrapper\">\n<iframe loading=\"lazy\" title=\"La Noticia del d\u00eda: Sancionar a delincuentes\u2026 jam\u00e1s. Denigrar a las FFAA\u2026 eso s\u00ed.\" width=\"625\" height=\"352\" src=\"https:\/\/www.youtube.com\/embed\/7vKwTCCMYEc?feature=oembed\" frameborder=\"0\" allow=\"accelerometer; autoplay; clipboard-write; encrypted-media; gyroscope; picture-in-picture; web-share\" referrerpolicy=\"strict-origin-when-cross-origin\" allowfullscreen><\/iframe>\n<\/div><\/figure>\n\n\n\n<p>La Noticia del d\u00eda: A nombre de la naci\u00f3n.<\/p>\n\n\n\n<figure class=\"wp-block-embed is-type-video is-provider-youtube wp-block-embed-youtube wp-embed-aspect-16-9 wp-has-aspect-ratio\"><div class=\"wp-block-embed__wrapper\">\n<iframe loading=\"lazy\" title=\"La Noticia del d\u00eda: A nombre de la nacio\u0301n.\" width=\"625\" height=\"352\" src=\"https:\/\/www.youtube.com\/embed\/TGivbvRXffw?feature=oembed\" frameborder=\"0\" allow=\"accelerometer; autoplay; clipboard-write; encrypted-media; gyroscope; picture-in-picture; web-share\" referrerpolicy=\"strict-origin-when-cross-origin\" allowfullscreen><\/iframe>\n<\/div><\/figure>\n\n\n\n<p>La Noticia del d\u00eda: Ten\u00eda que caer\u2026<\/p>\n\n\n\n<figure class=\"wp-block-embed is-type-video is-provider-youtube wp-block-embed-youtube wp-embed-aspect-16-9 wp-has-aspect-ratio\"><div class=\"wp-block-embed__wrapper\">\n<iframe loading=\"lazy\" title=\"La Noticia del d\u00eda: Teni\u0301a que caer\u2026\" width=\"625\" height=\"352\" src=\"https:\/\/www.youtube.com\/embed\/HjJByqyxhO4?feature=oembed\" frameborder=\"0\" allow=\"accelerometer; autoplay; clipboard-write; encrypted-media; gyroscope; picture-in-picture; web-share\" referrerpolicy=\"strict-origin-when-cross-origin\" allowfullscreen><\/iframe>\n<\/div><\/figure>\n\n\n\n<p>La Noticia del d\u00eda: Estado y desprestigio.<\/p>\n\n\n\n<figure class=\"wp-block-embed is-type-video is-provider-youtube wp-block-embed-youtube wp-embed-aspect-16-9 wp-has-aspect-ratio\"><div class=\"wp-block-embed__wrapper\">\n<iframe loading=\"lazy\" title=\"La Noticia del d\u00eda: Estado y desprestigio.\" width=\"625\" height=\"352\" src=\"https:\/\/www.youtube.com\/embed\/bEIPXUggjac?feature=oembed\" frameborder=\"0\" allow=\"accelerometer; autoplay; clipboard-write; encrypted-media; gyroscope; picture-in-picture; web-share\" referrerpolicy=\"strict-origin-when-cross-origin\" allowfullscreen><\/iframe>\n<\/div><\/figure>\n\n\n\n<p>La Noticia del d\u00eda: Gobierno \u2013 por pura envidia \u2013 mete su nariz en Ollas Comunes.<\/p>\n\n\n\n<figure class=\"wp-block-embed is-type-video is-provider-youtube wp-block-embed-youtube wp-embed-aspect-16-9 wp-has-aspect-ratio\"><div class=\"wp-block-embed__wrapper\">\n<iframe loading=\"lazy\" title=\"La Noticia del d\u00eda: Gobierno \u2013 por pura envidia \u2013 mete su nariz en Ollas Comunes.\" width=\"625\" height=\"352\" src=\"https:\/\/www.youtube.com\/embed\/9FPExEjDE2E?feature=oembed\" frameborder=\"0\" allow=\"accelerometer; autoplay; clipboard-write; encrypted-media; gyroscope; picture-in-picture; web-share\" referrerpolicy=\"strict-origin-when-cross-origin\" allowfullscreen><\/iframe>\n<\/div><\/figure>\n\n\n\n<p>La Noticia del d\u00eda: Anarqu\u00eda: ausencia de poder p\u00fablico. <\/p>\n\n\n\n<figure class=\"wp-block-embed is-type-video is-provider-youtube wp-block-embed-youtube wp-embed-aspect-16-9 wp-has-aspect-ratio\"><div class=\"wp-block-embed__wrapper\">\n<iframe loading=\"lazy\" title=\"La Noticia del d\u00eda: Anarqu\u00eda: ausencia de poder p\u00fablico.\" width=\"625\" height=\"352\" src=\"https:\/\/www.youtube.com\/embed\/agTFXhSul0c?feature=oembed\" frameborder=\"0\" allow=\"accelerometer; autoplay; clipboard-write; encrypted-media; gyroscope; picture-in-picture; web-share\" referrerpolicy=\"strict-origin-when-cross-origin\" allowfullscreen><\/iframe>\n<\/div><\/figure>\n\n\n\n<p>La Noticia del d\u00eda: Donde abunda la corrupci\u00f3n\u2026 sobreabundar\u00e1 la integridad.<\/p>\n\n\n\n<figure class=\"wp-block-embed is-type-video is-provider-youtube wp-block-embed-youtube wp-embed-aspect-16-9 wp-has-aspect-ratio\"><div class=\"wp-block-embed__wrapper\">\n<iframe loading=\"lazy\" title=\"La Noticia del d\u00eda: Donde abunda la corrupci\u00f3n\u2026 sobreabundar\u00e1 la integridad.\" width=\"625\" height=\"352\" src=\"https:\/\/www.youtube.com\/embed\/dQHAVZ6ZU8w?feature=oembed\" frameborder=\"0\" allow=\"accelerometer; autoplay; clipboard-write; encrypted-media; gyroscope; picture-in-picture; web-share\" referrerpolicy=\"strict-origin-when-cross-origin\" allowfullscreen><\/iframe>\n<\/div><\/figure>\n\n\n\n<p>La Noticia del d\u00eda: Si Pedro supo del mill\u00f3n, ten\u00eda que irse a prisi\u00f3n.<\/p>\n\n\n\n<figure class=\"wp-block-embed is-type-video is-provider-youtube wp-block-embed-youtube wp-embed-aspect-16-9 wp-has-aspect-ratio\"><div class=\"wp-block-embed__wrapper\">\n<iframe loading=\"lazy\" title=\"La Noticia del d\u00eda: Si Pedro supo del millo\u0301n, teni\u0301a que irse a prisio\u0301n.\" width=\"625\" height=\"352\" src=\"https:\/\/www.youtube.com\/embed\/FJvErEO3VA8?feature=oembed\" frameborder=\"0\" allow=\"accelerometer; autoplay; clipboard-write; encrypted-media; gyroscope; picture-in-picture; web-share\" referrerpolicy=\"strict-origin-when-cross-origin\" allowfullscreen><\/iframe>\n<\/div><\/figure>\n\n\n\n<p>La Noticia del d\u00eda: Acerca de la crisis alimentaria en nuestro pa\u00eds.<\/p>\n\n\n\n<figure class=\"wp-block-embed is-type-video is-provider-youtube wp-block-embed-youtube wp-embed-aspect-16-9 wp-has-aspect-ratio\"><div class=\"wp-block-embed__wrapper\">\n<iframe loading=\"lazy\" title=\"La Noticia del d\u00eda: Acerca de la crisis alimentaria en nuestro pa\u00eds.\" width=\"625\" height=\"352\" src=\"https:\/\/www.youtube.com\/embed\/fG2EtGBvouE?feature=oembed\" frameborder=\"0\" allow=\"accelerometer; autoplay; clipboard-write; encrypted-media; gyroscope; picture-in-picture; web-share\" referrerpolicy=\"strict-origin-when-cross-origin\" allowfullscreen><\/iframe>\n<\/div><\/figure>\n","protected":false},"excerpt":{"rendered":"<p>La Noticia del d\u00eda: Justicia ideologizada, rencorosa, corrupta y farisea La Noticia del d\u00eda: Castillo deb\u00eda ser derrotado\u2026 La Noticia del d\u00eda: El \u201cpaciente cero\u201d del virus de la Extrema Corrupci\u00f3n. La Noticia del d\u00eda: Lo que Castillo dijo \u2013 y no dijo \u2013 ante la FAO. La Noticia del d\u00eda: Separaci\u00f3n de poderes (corruptos) [&hellip;]<\/p>\n","protected":false},"author":1,"featured_media":0,"comment_status":"closed","ping_status":"closed","sticky":false,"template":"","format":"standard","meta":{"_exactmetrics_skip_tracking":false,"_exactmetrics_sitenote_active":false,"_exactmetrics_sitenote_note":"","_exactmetrics_sitenote_category":0,"ngg_post_thumbnail":0,"footnotes":""},"categories":[1229,1254,1351,1476,1471,36,200],"tags":[],"class_list":["post-240249","post","type-post","status-publish","format-standard","hentry","category-agricultura-produccion-proyecciones","category-cambio-climatico-ambiente","category-compostaje-ambiente","category-manejo-del-agua-ambiente","category-mercado-de-carbono-ambiente","category-reddeportiva-net","category-separata-reddeportiva"],"_links":{"self":[{"href":"https:\/\/reddeportiva.net\/principal\/index.php?rest_route=\/wp\/v2\/posts\/240249","targetHints":{"allow":["GET"]}}],"collection":[{"href":"https:\/\/reddeportiva.net\/principal\/index.php?rest_route=\/wp\/v2\/posts"}],"about":[{"href":"https:\/\/reddeportiva.net\/principal\/index.php?rest_route=\/wp\/v2\/types\/post"}],"author":[{"embeddable":true,"href":"https:\/\/reddeportiva.net\/principal\/index.php?rest_route=\/wp\/v2\/users\/1"}],"replies":[{"embeddable":true,"href":"https:\/\/reddeportiva.net\/principal\/index.php?rest_route=%2Fwp%2Fv2%2Fcomments&post=240249"}],"version-history":[{"count":7,"href":"https:\/\/reddeportiva.net\/principal\/index.php?rest_route=\/wp\/v2\/posts\/240249\/revisions"}],"predecessor-version":[{"id":240269,"href":"https:\/\/reddeportiva.net\/principal\/index.php?rest_route=\/wp\/v2\/posts\/240249\/revisions\/240269"}],"wp:attachment":[{"href":"https:\/\/reddeportiva.net\/principal\/index.php?rest_route=%2Fwp%2Fv2%2Fmedia&parent=240249"}],"wp:term":[{"taxonomy":"category","embeddable":true,"href":"https:\/\/reddeportiva.net\/principal\/index.php?rest_route=%2Fwp%2Fv2%2Fcategories&post=240249"},{"taxonomy":"post_tag","embeddable":true,"href":"https:\/\/reddeportiva.net\/principal\/index.php?rest_route=%2Fwp%2Fv2%2Ftags&post=240249"}],"curies":[{"name":"wp","href":"https:\/\/api.w.org\/{rel}","templated":true}]}}