{"id":240172,"date":"2023-12-20T09:19:03","date_gmt":"2023-12-20T14:19:03","guid":{"rendered":"https:\/\/reddeportiva.net\/principal\/?p=240172"},"modified":"2024-02-08T19:43:34","modified_gmt":"2024-02-09T00:43:34","slug":"como-organizar-la-sociedad-y-el-estado-con-fines-de-garantizar-la-creacion-de-la-patria-en-que-sonamos-continuacion-8","status":"publish","type":"post","link":"https:\/\/reddeportiva.net\/principal\/?p=240172","title":{"rendered":"\u00bfC\u00f3mo Organizar la Sociedad y el Estado con fines de garantizar la creaci\u00f3n de la Patria en que so\u00f1amos? (continuaci\u00f3n)"},"content":{"rendered":"\n<p>20-12-2023<\/p>\n\n\n\n<p>En Reddeportiva.net hemos tenido contacto con ciertos hechos que nos obligan a meditar sobre el Sistema de Garant\u00edas Individuales que rigen las relaciones del Gobierno Central con los individuos en nuestro pa\u00eds.&nbsp; &nbsp;Se trata del tema siguiente: en el Per\u00fa, tanto las autoridades como los ciudadanos, \u00bfAsumen con integridad sus compromisos con la sociedad?, en especial cuando del cumplimiento de su deber se trata.<\/p>\n\n\n\n<p>El Per\u00fa est\u00e1 en condici\u00f3n muy delicada porque es la \u201cviveza criolla\u201d la que recibe una constante alabanza como un comportamiento modelo, digno de ser imitado alent\u00e1ndose su prevalencia como un ideal de sociedad.&nbsp; Pues bien, en Reddeportiva.net estamos en contra de este comportamiento porque no ayuda a que la sociedad alcance sus metas con facilidad y fluidez.&nbsp; El bullying, el cargamont\u00f3n, la burla, el desprecio, la falta de consideraci\u00f3n la encontramos a flor de piel, como tambi\u00e9n la mentira, las medias verdades, el doble patr\u00f3n de conducta, los pretextos y las escusas.&nbsp; La imagen de los tres monitos que no ven, no oyen como tampoco hablan, se est\u00e1 convirtiendo en una cotidiana realidad, habi\u00e9ndose llegado al reinado de la arbitrariedad y la ausencia de toda racionalidad.<\/p>\n\n\n\n<p>Este comportamiento de \u201cperfecto gorrero\u201d debe ser denigrado y desalentado.&nbsp; El copiar en los ex\u00e1menes debe recibir el trato que le corresponde a los tramposos y a quienes quieren aprovechar oportunidades ileg\u00edtimas sin respetar la naturaleza de las cosas y los objetivos con que se organizaron movimientos en los cuales muchas personas volcaron con integridad sus esperanzas, sus buenos sentimientos, as\u00ed como recursos tangibles.<\/p>\n\n\n\n<p>Se trata de que el d\u00eda domingo quien escribe estas l\u00edneas se dirig\u00eda al aeropuerto internacional a recoger a su hijo que hab\u00eda llegado del norte del continente.&nbsp; Cuando pasaba por el Callao fue detenido por un polic\u00eda que conduc\u00eda un patrullero, el cual luego de una conversaci\u00f3n inform\u00f3 que el autom\u00f3vil que conduc\u00eda no ten\u00eda SOAT porque \u201cno figuraba en su celular\u201d y termin\u00e9 en una comisar\u00eda la cual se encontraba desierta.&nbsp; Haci\u00e9ndola corta, llam\u00e9 a mi familia para que obtuviera un SOAT gestionado v\u00eda Internet lo cual funcion\u00f3 como estaba previsto.&nbsp; Los polic\u00edas me informaron que ten\u00eda que pagar la multa, pero como el Banco de la Naci\u00f3n no atend\u00eda por ser feriado y que la Municipalidad se encontraba en la misma situaci\u00f3n, fui informado que el pago se lo pod\u00eda entregar a ellos.&nbsp; En el relato no estoy incluyendo las amenazas continuas y el levantamiento del tono de voz, hasta que lleg\u00f3 mi \u201camenaza\u201d que no le entregar\u00eda las llaves del veh\u00edculo y que pasar\u00eda la noche durmiendo en el carro hasta el d\u00eda lunes en que conversar\u00eda con el comisario.&nbsp; Finalmente, me dejaron ir.&nbsp; El lunes me puse a investigar lo que hab\u00eda sucedido.&nbsp; Al llamar a la Cia de Seguros #3 fui informado que no figuraba en sus registros mi seguro de la Cia de Seguros #2, aunque si hab\u00eda un registro de la Cia de Seguros #1 con la que me hab\u00eda visto obligado a anular el SOAT porque se presentaron inconvenientes con la compra v\u00eda Internet, propios de las limitaciones de este \u201cnuevo\u201d sistema.&nbsp; Lo extra\u00f1o fue que la informaci\u00f3n de la Cia de Seguros #3 coincid\u00eda con la del celular de la Polic\u00eda.&nbsp; Sin embargo fui informado que pod\u00eda consultar los registros de la APESEG donde encontr\u00e9 que el registro que figuraba era el de la Cia de Seguros #2 y no figuraba el registro de la Cia de Seguros #3 que fuera comprado el d\u00eda domingo.&nbsp; Tampoco figuraba el registro anulado de la Cia de Seguros #1, pero si encontr\u00e9 informaci\u00f3n err\u00f3nea de lo cual he informado al nuevo propietario del veh\u00edculo que vend\u00ed antes de la pandemia.<\/p>\n\n\n\n<p>El mismo relato puede hacerse con la situaci\u00f3n del Estadio Monumental de la \u201cU\u201d donde una administraci\u00f3n de facto se niega a reconocer los pagos que puedan hacerse v\u00eda el sistema bancario obligando a que los propietarios de palcos caminen con efectivo por las calles exponi\u00e9ndolos a los peligros de asaltos y hasta de exposici\u00f3n de su integridad f\u00edsica.<\/p>\n\n\n\n<p>Lo mismo puede decirse con los poderes pol\u00edticos cuando es tan claro que corresponde al nivel de Fiscales Supremos la investigaci\u00f3n que est\u00e1 afectando el entorno que tanta cr\u00edtica genera de la Presidente de la Rep\u00fablica la cual se\u00f1ala que potencialmente puede afectar los niveles de inversi\u00f3n privada desfavoreciendo la calidad de vida de los menos favorecidos por la econom\u00eda; cuando con actos propios de la disciplina que debe existir en la m\u00e1s elementales organizaciones, nuestra Presidenta puede llamar al orden a sus subordinados y evitar se generalice tanta incertidumbre, fomento de la indisciplina y da\u00f1o a la institucionalidad con fines totalmente subalternos y de creaci\u00f3n de zozobra, desorden y ataque a la salud mental.&nbsp; Es claro que mucho avanzar\u00edamos si cada uno cumpliera con su deber.<\/p>\n\n\n\n<p>Adjuntamos algunos enlaces con fines de facilitar la evaluaci\u00f3n de c\u00f3mo se crean los climas de zozobra que tanto da\u00f1o nos est\u00e1n causando.<\/p>\n\n\n\n<p>Esperando que pronto podamos superar los malos momentos que estamos viviendo, me despido.<\/p>\n\n\n\n<p>Con el cari\u00f1o de siempre,<\/p>\n\n\n\n<p>Nota 1<\/p>\n\n\n\n<p>\u00bfEstamos en la direcci\u00f3n correcta? (4 de 4) (30-12-2018)<\/p>\n\n\n\n<p>(<a href=\"https:\/\/reddeportiva.net\/principal\/?p=92677\">https:\/\/reddeportiva.net\/principal\/?p=92677<\/a>)<\/p>\n\n\n\n<p>\u00bfHacia d\u00f3nde vamos?<\/p>\n\n\n\n<p>(<a href=\"https:\/\/reddeportiva.net\/principal\/?p=92876\">https:\/\/reddeportiva.net\/principal\/?p=92876<\/a>)<\/p>\n\n\n\n<p>De los planes de trabajo del Gobierno Central<\/p>\n\n\n\n<p>(<a href=\"https:\/\/reddeportiva.net\/principal\/?p=134724\">https:\/\/reddeportiva.net\/principal\/?p=134724<\/a>)<\/p>\n\n\n\n<p>Dificultades para identificar el Bien Com\u00fan en la sociedad peruana (continuaci\u00f3n)<\/p>\n\n\n\n<p>(<a href=\"https:\/\/reddeportiva.net\/principal\/?p=144962\">https:\/\/reddeportiva.net\/principal\/?p=144962<\/a>)<\/p>\n\n\n\n<p>Dificultades para identificar el Bien Com\u00fan en la sociedad peruana (continuaci\u00f3n)<\/p>\n\n\n\n<p>(<a href=\"https:\/\/reddeportiva.net\/principal\/?p=146357\">https:\/\/reddeportiva.net\/principal\/?p=146357<\/a>)<\/p>\n\n\n\n<p>Dificultades para identificar el Bien Com\u00fan en la sociedad peruana (continuaci\u00f3n)<\/p>\n\n\n\n<p>(<a href=\"https:\/\/reddeportiva.net\/principal\/?p=148179\">https:\/\/reddeportiva.net\/principal\/?p=148179<\/a>)<\/p>\n\n\n\n<p>Dificultades para identificar el Bien Com\u00fan en la sociedad peruana (continuaci\u00f3n)<\/p>\n\n\n\n<p>(<a href=\"https:\/\/reddeportiva.net\/principal\/?p=153986\">https:\/\/reddeportiva.net\/principal\/?p=153986<\/a>)<\/p>\n\n\n\n<p>Dificultades para identificar el Bien Com\u00fan en la sociedad peruana (continuaci\u00f3n)<\/p>\n\n\n\n<p>(<a href=\"https:\/\/reddeportiva.net\/principal\/?p=155018\">https:\/\/reddeportiva.net\/principal\/?p=155018<\/a>)<\/p>\n\n\n\n<p>Dificultades para identificar el Bien Com\u00fan en la sociedad peruana (continuaci\u00f3n)<\/p>\n\n\n\n<p>(<a href=\"https:\/\/reddeportiva.net\/principal\/?p=155782\">https:\/\/reddeportiva.net\/principal\/?p=155782<\/a>)<\/p>\n\n\n\n<p>Dificultades para identificar el Bien Com\u00fan en la sociedad peruana (continuaci\u00f3n)<\/p>\n\n\n\n<p>(<a href=\"https:\/\/reddeportiva.net\/principal\/?p=156833\">https:\/\/reddeportiva.net\/principal\/?p=156833<\/a>)<\/p>\n\n\n\n<p>Nota 2<\/p>\n\n\n\n<p>La Noticia del d\u00eda: Justicia ideologizada, rencorosa, corrupta y farisea<\/p>\n\n\n\n<p>(<a href=\"https:\/\/www.youtube.com\/watch?v=vTkoV0eQd3w\">https:\/\/www.youtube.com\/watch?v=vTkoV0eQd3w<\/a>)<\/p>\n\n\n\n<p>PBO Noticias- En vivo<\/p>\n\n\n\n<p>(<a href=\"https:\/\/www.youtube.com\/watch?v=uDIpbSQcHdk\">https:\/\/www.youtube.com\/watch?v=uDIpbSQcHdk<\/a>)&nbsp;<\/p>\n\n\n\n<p>Pronunciamiento del fiscal de la naci\u00f3n Juan Carlos Villena<\/p>\n\n\n\n<p>(<a href=\"https:\/\/www.youtube.com\/watch?v=Ao_7LsVdTFQ\">https:\/\/www.youtube.com\/watch?v=Ao_7LsVdTFQ<\/a>)<\/p>\n\n\n\n<p>Patricia Benavides: Testimonios claves | Cuarto Poder | Per\u00fa<\/p>\n\n\n\n<p>(<a href=\"https:\/\/www.youtube.com\/watch?v=gR6WdTOZMok\">https:\/\/www.youtube.com\/watch?v=gR6WdTOZMok<\/a>)<\/p>\n\n\n\n<p>Odebrecht estar\u00eda detr\u00e1s de la destituci\u00f3n de Patricia Benavides? | #PBO #noticias<\/p>\n\n\n\n<p>(<a href=\"https:\/\/www.youtube.com\/watch?v=D8O1DSrYbDc\">https:\/\/www.youtube.com\/watch?v=D8O1DSrYbDc<\/a>)<\/p>\n\n\n\n<p>MENSAJE A LA NACI\u00d3N de DINA BOLUARTE tras denuncia de PATRICIA BENAVIDES | EN VIVO | #EnDirectoLR<\/p>\n\n\n\n<p>(<a href=\"https:\/\/www.youtube.com\/watch?v=GedLCRP0xX8\">https:\/\/www.youtube.com\/watch?v=GedLCRP0xX8<\/a>)<\/p>\n\n\n\n<p>Juan Carlos Villena asumi\u00f3 como nuevo fiscal de la Naci\u00f3n tras suspensi\u00f3n de Patricia Benavides<\/p>\n\n\n\n<p>(<a href=\"https:\/\/www.youtube.com\/watch?v=17aUdNKm6-M\">https:\/\/www.youtube.com\/watch?v=17aUdNKm6-M<\/a>)<\/p>\n\n\n\n<p>PHILIP SUELTA BOMB4! FILTRAN CHATS SECRETOS DE GORRITI Y C\u00d3MO COORDIN\u00d3 COMPLOT PA DESTITUIR A FISCAL<\/p>\n\n\n\n<p>(<a href=\"https:\/\/www.youtube.com\/watch?v=V2aYWMXnDxM\">https:\/\/www.youtube.com\/watch?v=V2aYWMXnDxM<\/a>)<\/p>\n\n\n\n<p>Ex ministra de justicia: \u00abLo que ha hecho el estado es estafarnos\u00bb<\/p>\n\n\n\n<p>(<a href=\"https:\/\/www.youtube.com\/watch?v=WggxsazMmYw\">https:\/\/www.youtube.com\/watch?v=WggxsazMmYw<\/a>)<\/p>\n\n\n\n<p>\u201cDime La Verdad\u201d con Claudia Toro<\/p>\n\n\n\n<p>(<a href=\"https:\/\/www.youtube.com\/watch?v=mKl2XyID0pk\">https:\/\/www.youtube.com\/watch?v=mKl2XyID0pk<\/a>)<\/p>\n\n\n\n<p>WILLAX ARDE! CLAUDIA TORO REGRESA Y CUADRA A BETO EN VIVO X SUCIO AT4QUE A FISCAL Y VOLVERSE CAVIAR<\/p>\n\n\n\n<p>(<a href=\"https:\/\/www.youtube.com\/watch?v=zIH1kO8GMrk\">https:\/\/www.youtube.com\/watch?v=zIH1kO8GMrk<\/a>)<\/p>\n\n\n\n<p>Patricia Chirinos sali\u00f3 del pa\u00eds rumbo a Espa\u00f1a tras asegurar que se pedir\u00eda su detenci\u00f3n preliminar<\/p>\n\n\n\n<p>(<a href=\"https:\/\/www.youtube.com\/watch?v=beAqthhWCgY\">https:\/\/www.youtube.com\/watch?v=beAqthhWCgY<\/a>)<\/p>\n\n\n\n<p>Rospigliosi: es innecesario que Chirinos se vaya del Per\u00fa ante una posible detenci\u00f3n preliminar<\/p>\n\n\n\n<p>(<a href=\"https:\/\/www.youtube.com\/watch?v=8kVQM4LG4Zc\">https:\/\/www.youtube.com\/watch?v=8kVQM4LG4Zc<\/a>)<\/p>\n\n\n\n<p>Patricia CHIRINOS ABANDONA el PA\u00cdS tras asegurar que iban a pedir DETENCI\u00d3N en su CONTRA | #LR<\/p>\n\n\n\n<p>(<a href=\"https:\/\/www.youtube.com\/watch?v=fGc01K5uOAU\">https:\/\/www.youtube.com\/watch?v=fGc01K5uOAU<\/a>)<\/p>\n\n\n\n<p>\u00bfLos congresistas pueden ser detenidos preliminarmente si Fiscal\u00eda as\u00ed lo solicita?<\/p>\n\n\n\n<p>(<a href=\"https:\/\/www.youtube.com\/watch?v=R0eOBqAxko4\">https:\/\/www.youtube.com\/watch?v=R0eOBqAxko4<\/a>)<\/p>\n\n\n\n<p>Sobre balance de gesti\u00f3n 2023: \u00abPersonas del Gobierno no se dan cuenta de la situaci\u00f3n\u00bb<\/p>\n\n\n\n<p>(<a href=\"https:\/\/www.youtube.com\/watch?v=CTviWb21PsQ\">https:\/\/www.youtube.com\/watch?v=CTviWb21PsQ<\/a>)<\/p>\n\n\n\n<p>La Noticia del d\u00eda: Convenio de Cooperaci\u00f3n Interinstitucional\u2026 para delinquir impunemente.<\/p>\n\n\n\n<p>(<a href=\"https:\/\/www.youtube.com\/watch?v=25JurYA8i00\">https:\/\/www.youtube.com\/watch?v=25JurYA8i00<\/a>)<\/p>\n\n\n\n<p>\ud83d\udd34#ENVIVO EN EXCLUSIVO RAFAEL VELA responde en Per\u00fa21 sobre el caso PATRICIA BENAVIDES<\/p>\n\n\n\n<p>(<a href=\"https:\/\/www.youtube.com\/watch?v=FDAtCtuJJtg\">https:\/\/www.youtube.com\/watch?v=FDAtCtuJJtg<\/a>)<\/p>\n\n\n\n<p>#BaellaTalks con Alfonso Baella. Invitada: Yeni Vilcatoma.<\/p>\n\n\n\n<p>(<a href=\"https:\/\/www.youtube.com\/watch?v=wwT6K-fxcX4\">https:\/\/www.youtube.com\/watch?v=wwT6K-fxcX4<\/a>) <\/p>\n\n\n\n<p>Notas anteriores sobre el tema: <a href=\"https:\/\/reddeportiva.net\/principal\/?cat=200\">https:\/\/reddeportiva.net\/principal\/?cat=200<\/a><\/p>\n","protected":false},"excerpt":{"rendered":"<p>20-12-2023 En Reddeportiva.net hemos tenido contacto con ciertos hechos que nos obligan a meditar sobre el Sistema de Garant\u00edas Individuales que rigen las relaciones del Gobierno Central con los individuos en nuestro pa\u00eds.&nbsp; &nbsp;Se trata del tema siguiente: en el Per\u00fa, tanto las autoridades como los ciudadanos, \u00bfAsumen con integridad sus compromisos con la sociedad?, [&hellip;]<\/p>\n","protected":false},"author":1,"featured_media":0,"comment_status":"closed","ping_status":"closed","sticky":false,"template":"","format":"standard","meta":{"_exactmetrics_skip_tracking":false,"_exactmetrics_sitenote_active":false,"_exactmetrics_sitenote_note":"","_exactmetrics_sitenote_category":0,"ngg_post_thumbnail":0,"footnotes":""},"categories":[36,200],"tags":[],"class_list":["post-240172","post","type-post","status-publish","format-standard","hentry","category-reddeportiva-net","category-separata-reddeportiva"],"_links":{"self":[{"href":"https:\/\/reddeportiva.net\/principal\/index.php?rest_route=\/wp\/v2\/posts\/240172","targetHints":{"allow":["GET"]}}],"collection":[{"href":"https:\/\/reddeportiva.net\/principal\/index.php?rest_route=\/wp\/v2\/posts"}],"about":[{"href":"https:\/\/reddeportiva.net\/principal\/index.php?rest_route=\/wp\/v2\/types\/post"}],"author":[{"embeddable":true,"href":"https:\/\/reddeportiva.net\/principal\/index.php?rest_route=\/wp\/v2\/users\/1"}],"replies":[{"embeddable":true,"href":"https:\/\/reddeportiva.net\/principal\/index.php?rest_route=%2Fwp%2Fv2%2Fcomments&post=240172"}],"version-history":[{"count":5,"href":"https:\/\/reddeportiva.net\/principal\/index.php?rest_route=\/wp\/v2\/posts\/240172\/revisions"}],"predecessor-version":[{"id":240531,"href":"https:\/\/reddeportiva.net\/principal\/index.php?rest_route=\/wp\/v2\/posts\/240172\/revisions\/240531"}],"wp:attachment":[{"href":"https:\/\/reddeportiva.net\/principal\/index.php?rest_route=%2Fwp%2Fv2%2Fmedia&parent=240172"}],"wp:term":[{"taxonomy":"category","embeddable":true,"href":"https:\/\/reddeportiva.net\/principal\/index.php?rest_route=%2Fwp%2Fv2%2Fcategories&post=240172"},{"taxonomy":"post_tag","embeddable":true,"href":"https:\/\/reddeportiva.net\/principal\/index.php?rest_route=%2Fwp%2Fv2%2Ftags&post=240172"}],"curies":[{"name":"wp","href":"https:\/\/api.w.org\/{rel}","templated":true}]}}