{"id":240112,"date":"2023-11-21T09:09:50","date_gmt":"2023-11-21T14:09:50","guid":{"rendered":"https:\/\/reddeportiva.net\/principal\/?p=240112"},"modified":"2023-11-29T11:08:19","modified_gmt":"2023-11-29T16:08:19","slug":"como-organizar-la-sociedad-y-el-estado-con-fines-de-garantizar-la-creacion-de-la-patria-en-que-sonamos-continuacion-3","status":"publish","type":"post","link":"https:\/\/reddeportiva.net\/principal\/?p=240112","title":{"rendered":"\u00bfC\u00f3mo Organizar la Sociedad y el Estado con fines de garantizar la creaci\u00f3n de la Patria en que so\u00f1amos? (continuaci\u00f3n)"},"content":{"rendered":"\n<p class=\"wp-block-paragraph\">21-11-2023<\/p>\n\n\n\n<p class=\"wp-block-paragraph\">Les alcanzamos una selecci\u00f3n de v\u00eddeos publicados el d\u00eda de ayer los cuales, a nuestro criterio, marcan un importante hito en el desarrollo ideol\u00f3gico de nuestro pa\u00eds.\u00a0 No es nuestra intenci\u00f3n comentar lo dicho en estos.\u00a0 En la presente nota queremos resaltar en cambio lo cr\u00edtico del momento, que vivimos en la actualidad, en el que aparece como determinante la falta del debido compromiso con la sociedad de importantes sectores de la ciudadan\u00eda.\u00a0 Peor a\u00fan, esa falta de compromiso pone en peligro la subsistencia y la continuidad de nuestra sociedad tal como la conocemos y que, de continuar sin adoptarse los cambios necesarios, m\u00e1s temprano que tarde llegar\u00e1n las circunstancias de convertir en irreversible la desaparici\u00f3n por un \u201clargo tiempo\u201d de los pocos defensores que a\u00fan quedan de aquellos valores que surgieron cuando se inici\u00f3 el proceso de mestizaje cultural entre la sociedad andina y la occidental y del cual aparecen como representativos los santos y el misticismo del Cristianismo en esta parte del continente, as\u00ed como muchas personas que pueden ser consideradas como h\u00e9roes civiles y militares.<\/p>\n\n\n\n<p class=\"wp-block-paragraph\">En Reddeportiva.net queremos insistir en que nuestra sociedad est\u00e1 bajo ataque continuo de fuentes que han actuado con una elevad\u00edsima dosis de alevos\u00eda y ventaja que solo dan la aplicaci\u00f3n de la combinaci\u00f3n de las m\u00e1s modernas t\u00e9cnicas de manipulaci\u00f3n social ejecutadas con el mayor apoyo econ\u00f3mico que podamos imaginar, con la direcci\u00f3n y gesti\u00f3n de personas poseedoras de ciertas caracter\u00edsticas en grado sumo que se definen como cinismo y traici\u00f3n.<\/p>\n\n\n\n<p class=\"wp-block-paragraph\">Cuando se dice que hemos ca\u00eddo en la anarqu\u00eda se debe tomar conciencia que los defensores de la Patria se encuentran a un paso del final, habi\u00e9ndose llegado al agotamiento econ\u00f3mico y an\u00edmico luego de haber conseguido neutralizar las actividades de los practicantes del pensamiento \u00fanico, el mantener activa la lucha por defender los derechos ciudadanos en casos como Odebrecht, la seguridad ciudadana o la generalizada corrupci\u00f3n y del primer gobierno comunista que ha tenido el Per\u00fa.<\/p>\n\n\n\n<p class=\"wp-block-paragraph\">Es por eso que hacemos un llamado a quienes mantienen intactos sus recursos por haberse mantenido de perfil en esta batalla para que inclinen el fiel de la balanza hacia el lado constructivo con el fin de bien terminar con este enfrentamiento ante los renovados esfuerzos de quienes deben ser pasados de largo y dar paso a quienes hayan demostrado ser activistas de un nuevo orden moral, que se constituye en el verdadero terreno de la controversia y el enfrentamiento.<\/p>\n\n\n\n<p class=\"wp-block-paragraph\">A continuaci\u00f3n lo mencionado:<\/p>\n\n\n\n<p class=\"wp-block-paragraph\">#BaellaTalks con Alfonso Baella. Invitada: Dra. Rosa Bartra. <a href=\"https:\/\/www.youtube.com\/watch?v=V1a18EIh9KU\">https:\/\/www.youtube.com\/watch?v=V1a18EIh9KU<\/a><\/p>\n\n\n\n<p class=\"wp-block-paragraph\">COMBUTTERS &#8211; 20\/11\/2023 (Willax TV) <a href=\"https:\/\/www.youtube.com\/watch?v=Rhf47F0oeEY&amp;t=7566s\">https:\/\/www.youtube.com\/watch?v=Rhf47F0oeEY&amp;t=7566s<\/a> <\/p>\n\n\n\n<p class=\"wp-block-paragraph\">\u00a1Milei y el inevitable y doloroso ajuste que se viene! <a href=\"https:\/\/www.youtube.com\/watch?v=3BPSBakbymU\">https:\/\/www.youtube.com\/watch?v=3BPSBakbymU<\/a> <\/p>\n\n\n\n<p class=\"wp-block-paragraph\">BETO A SABER &#8211; 20\/11\/2023 (Willax TV) <a href=\"https:\/\/www.youtube.com\/watch?v=Rhf47F0oeEY&amp;t=4641s\">https:\/\/www.youtube.com\/watch?v=Rhf47F0oeEY&amp;t=4641s<\/a><\/p>\n\n\n\n<p class=\"wp-block-paragraph\">Esperando que lo dicho no caiga en el vac\u00edo o la tergiversaci\u00f3n de quienes gozan de recursos muy abundantes en funci\u00f3n del menor esfuerzo que exigen la emboscada y la destrucci\u00f3n, nos despedimos.<\/p>\n\n\n\n<p class=\"wp-block-paragraph\">Con el cari\u00f1o de siempre,<\/p>\n\n\n\n<p class=\"wp-block-paragraph\">Notas anteriores sobre el tema: <a href=\"https:\/\/reddeportiva.net\/principal\/?cat=200\">https:\/\/reddeportiva.net\/principal\/?cat=200<\/a> &nbsp;&nbsp;&nbsp;<\/p>\n","protected":false},"excerpt":{"rendered":"<p>21-11-2023 Les alcanzamos una selecci\u00f3n de v\u00eddeos publicados el d\u00eda de ayer los cuales, a nuestro criterio, marcan un importante hito en el desarrollo ideol\u00f3gico de nuestro pa\u00eds.\u00a0 No es nuestra intenci\u00f3n comentar lo dicho en estos.\u00a0 En la presente nota queremos resaltar en cambio lo cr\u00edtico del momento, que vivimos en la actualidad, en [&hellip;]<\/p>\n","protected":false},"author":1,"featured_media":0,"comment_status":"closed","ping_status":"closed","sticky":false,"template":"","format":"standard","meta":{"_exactmetrics_skip_tracking":false,"ngg_post_thumbnail":0,"footnotes":""},"categories":[36,200],"tags":[],"class_list":["post-240112","post","type-post","status-publish","format-standard","hentry","category-reddeportiva-net","category-separata-reddeportiva"],"_links":{"self":[{"href":"https:\/\/reddeportiva.net\/principal\/index.php?rest_route=\/wp\/v2\/posts\/240112","targetHints":{"allow":["GET"]}}],"collection":[{"href":"https:\/\/reddeportiva.net\/principal\/index.php?rest_route=\/wp\/v2\/posts"}],"about":[{"href":"https:\/\/reddeportiva.net\/principal\/index.php?rest_route=\/wp\/v2\/types\/post"}],"author":[{"embeddable":true,"href":"https:\/\/reddeportiva.net\/principal\/index.php?rest_route=\/wp\/v2\/users\/1"}],"replies":[{"embeddable":true,"href":"https:\/\/reddeportiva.net\/principal\/index.php?rest_route=%2Fwp%2Fv2%2Fcomments&post=240112"}],"version-history":[{"count":2,"href":"https:\/\/reddeportiva.net\/principal\/index.php?rest_route=\/wp\/v2\/posts\/240112\/revisions"}],"predecessor-version":[{"id":240114,"href":"https:\/\/reddeportiva.net\/principal\/index.php?rest_route=\/wp\/v2\/posts\/240112\/revisions\/240114"}],"wp:attachment":[{"href":"https:\/\/reddeportiva.net\/principal\/index.php?rest_route=%2Fwp%2Fv2%2Fmedia&parent=240112"}],"wp:term":[{"taxonomy":"category","embeddable":true,"href":"https:\/\/reddeportiva.net\/principal\/index.php?rest_route=%2Fwp%2Fv2%2Fcategories&post=240112"},{"taxonomy":"post_tag","embeddable":true,"href":"https:\/\/reddeportiva.net\/principal\/index.php?rest_route=%2Fwp%2Fv2%2Ftags&post=240112"}],"curies":[{"name":"wp","href":"https:\/\/api.w.org\/{rel}","templated":true}]}}