{"id":239850,"date":"2023-07-01T13:45:43","date_gmt":"2023-07-01T18:45:43","guid":{"rendered":"https:\/\/reddeportiva.net\/principal\/?p=239850"},"modified":"2023-07-01T13:46:14","modified_gmt":"2023-07-01T18:46:14","slug":"tema-la-contaminacion-del-agua-retos-y-desafios-desde-el-lago-mas-alto-e-importante-de-sudamerica","status":"publish","type":"post","link":"https:\/\/reddeportiva.net\/principal\/?p=239850","title":{"rendered":"Tema: La Contaminaci\u00f3n del Agua &#8211; Retos y Desaf\u00edos desde el Lago m\u00e1s alto e importante de Sudam\u00e9rica"},"content":{"rendered":"\n<figure class=\"wp-block-embed is-type-video is-provider-youtube wp-block-embed-youtube wp-embed-aspect-16-9 wp-has-aspect-ratio\"><div class=\"wp-block-embed__wrapper\">\n<iframe loading=\"lazy\" title=\"Tema: La Contaminaci\u00f3n del Agua - Retos y Desaf\u00edos desde el Lago m\u00e1s alto e importante de Sudam\u00e9rica\" width=\"625\" height=\"352\" src=\"https:\/\/www.youtube.com\/embed\/a39tp9Di7_A?feature=oembed\" frameborder=\"0\" allow=\"accelerometer; autoplay; clipboard-write; encrypted-media; gyroscope; picture-in-picture; web-share\" referrerpolicy=\"strict-origin-when-cross-origin\" allowfullscreen><\/iframe>\n<\/div><\/figure>\n","protected":false},"excerpt":{"rendered":"","protected":false},"author":1,"featured_media":0,"comment_status":"closed","ping_status":"closed","sticky":false,"template":"","format":"standard","meta":{"_exactmetrics_skip_tracking":false,"_exactmetrics_sitenote_active":false,"_exactmetrics_sitenote_note":"","_exactmetrics_sitenote_category":0,"ngg_post_thumbnail":0,"footnotes":""},"categories":[1229,1359,1254,1342,1261,1371,1378,1476,1471,1218,286,36],"tags":[],"class_list":["post-239850","post","type-post","status-publish","format-standard","hentry","category-agricultura-produccion-proyecciones","category-biodiversidad-ambiente","category-cambio-climatico-ambiente","category-contaminacion-ambiente","category-emergencias-ambiente","category-incorporando","category-industria-alimentaria","category-manejo-del-agua-ambiente","category-mercado-de-carbono-ambiente","category-proteccion-naturaleza-ambiente","category-proyecciones-ambiente","category-reddeportiva-net"],"_links":{"self":[{"href":"https:\/\/reddeportiva.net\/principal\/index.php?rest_route=\/wp\/v2\/posts\/239850","targetHints":{"allow":["GET"]}}],"collection":[{"href":"https:\/\/reddeportiva.net\/principal\/index.php?rest_route=\/wp\/v2\/posts"}],"about":[{"href":"https:\/\/reddeportiva.net\/principal\/index.php?rest_route=\/wp\/v2\/types\/post"}],"author":[{"embeddable":true,"href":"https:\/\/reddeportiva.net\/principal\/index.php?rest_route=\/wp\/v2\/users\/1"}],"replies":[{"embeddable":true,"href":"https:\/\/reddeportiva.net\/principal\/index.php?rest_route=%2Fwp%2Fv2%2Fcomments&post=239850"}],"version-history":[{"count":1,"href":"https:\/\/reddeportiva.net\/principal\/index.php?rest_route=\/wp\/v2\/posts\/239850\/revisions"}],"predecessor-version":[{"id":239851,"href":"https:\/\/reddeportiva.net\/principal\/index.php?rest_route=\/wp\/v2\/posts\/239850\/revisions\/239851"}],"wp:attachment":[{"href":"https:\/\/reddeportiva.net\/principal\/index.php?rest_route=%2Fwp%2Fv2%2Fmedia&parent=239850"}],"wp:term":[{"taxonomy":"category","embeddable":true,"href":"https:\/\/reddeportiva.net\/principal\/index.php?rest_route=%2Fwp%2Fv2%2Fcategories&post=239850"},{"taxonomy":"post_tag","embeddable":true,"href":"https:\/\/reddeportiva.net\/principal\/index.php?rest_route=%2Fwp%2Fv2%2Ftags&post=239850"}],"curies":[{"name":"wp","href":"https:\/\/api.w.org\/{rel}","templated":true}]}}