{"id":239783,"date":"2023-06-29T22:42:10","date_gmt":"2023-06-30T03:42:10","guid":{"rendered":"https:\/\/reddeportiva.net\/principal\/?p=239783"},"modified":"2023-06-29T22:42:14","modified_gmt":"2023-06-30T03:42:14","slug":"hemos-visto-un-cierre-de-legislatura-con-mas-sombras-que-luces-sostiene-ivan-garcia-mayer","status":"publish","type":"post","link":"https:\/\/reddeportiva.net\/principal\/?p=239783","title":{"rendered":"\u00abHemos visto un cierre de Legislatura con m\u00e1s sombras que luces\u00bb, sostiene Iv\u00e1n Garc\u00eda Mayer"},"content":{"rendered":"\n<figure class=\"wp-block-embed is-type-video is-provider-youtube wp-block-embed-youtube wp-embed-aspect-16-9 wp-has-aspect-ratio\"><div class=\"wp-block-embed__wrapper\">\n<iframe loading=\"lazy\" title=\"&quot;Hemos visto un cierre de Legislatura con m\u00e1s sombras que luces&quot;, sostiene Iv\u00e1n Garc\u00eda Mayer\" width=\"625\" height=\"352\" src=\"https:\/\/www.youtube.com\/embed\/MXjzLtx5rfU?feature=oembed\" frameborder=\"0\" allow=\"accelerometer; autoplay; clipboard-write; encrypted-media; gyroscope; picture-in-picture; web-share\" referrerpolicy=\"strict-origin-when-cross-origin\" allowfullscreen><\/iframe>\n<\/div><\/figure>\n","protected":false},"excerpt":{"rendered":"","protected":false},"author":1,"featured_media":0,"comment_status":"closed","ping_status":"closed","sticky":false,"template":"","format":"standard","meta":{"_exactmetrics_skip_tracking":false,"_exactmetrics_sitenote_active":false,"_exactmetrics_sitenote_note":"","_exactmetrics_sitenote_category":0,"ngg_post_thumbnail":0,"footnotes":""},"categories":[1407,1262,1391,1397,1399,1253,1290,1239,1272,1296,1247,1376,1339,1322,1331,22,1334,1307,1241,1324,1371,1243,1286,1237,1405,1366,1249,1390,1223,1350,1283,36,1475,1381,1480,1306,1287,1312,1328],"tags":[],"class_list":["post-239783","post","type-post","status-publish","format-standard","hentry","category-acuerdo-digital-proyeccion","category-acuerdos","category-autenticidad-personal","category-autoritarismo","category-biologia-proyeccion","category-buenas-practicas","category-cadena-de-valor","category-cambio-social","category-competencia-leal","category-concertacion","category-contratos","category-democracia","category-denuncias","category-desinformacion-mediatica","category-dinamicas-personales","category-educacion-proyecciones","category-equidad-personal","category-estado-de-derecho","category-gobernanza","category-guerra-mediatica","category-incorporando","category-institucionalidad","category-integridad","category-libertades","category-manipulacion","category-marginacion","category-mercadeo-justo","category-mercado-irregular","category-mundo-politico","category-prioridades","category-productividad","category-reddeportiva-net","category-relativismo","category-seguridad-social","category-sentido-a-la-vida","category-tolerancia","category-transparencia","category-trato-justo","category-tutelaje"],"_links":{"self":[{"href":"https:\/\/reddeportiva.net\/principal\/index.php?rest_route=\/wp\/v2\/posts\/239783","targetHints":{"allow":["GET"]}}],"collection":[{"href":"https:\/\/reddeportiva.net\/principal\/index.php?rest_route=\/wp\/v2\/posts"}],"about":[{"href":"https:\/\/reddeportiva.net\/principal\/index.php?rest_route=\/wp\/v2\/types\/post"}],"author":[{"embeddable":true,"href":"https:\/\/reddeportiva.net\/principal\/index.php?rest_route=\/wp\/v2\/users\/1"}],"replies":[{"embeddable":true,"href":"https:\/\/reddeportiva.net\/principal\/index.php?rest_route=%2Fwp%2Fv2%2Fcomments&post=239783"}],"version-history":[{"count":1,"href":"https:\/\/reddeportiva.net\/principal\/index.php?rest_route=\/wp\/v2\/posts\/239783\/revisions"}],"predecessor-version":[{"id":239784,"href":"https:\/\/reddeportiva.net\/principal\/index.php?rest_route=\/wp\/v2\/posts\/239783\/revisions\/239784"}],"wp:attachment":[{"href":"https:\/\/reddeportiva.net\/principal\/index.php?rest_route=%2Fwp%2Fv2%2Fmedia&parent=239783"}],"wp:term":[{"taxonomy":"category","embeddable":true,"href":"https:\/\/reddeportiva.net\/principal\/index.php?rest_route=%2Fwp%2Fv2%2Fcategories&post=239783"},{"taxonomy":"post_tag","embeddable":true,"href":"https:\/\/reddeportiva.net\/principal\/index.php?rest_route=%2Fwp%2Fv2%2Ftags&post=239783"}],"curies":[{"name":"wp","href":"https:\/\/api.w.org\/{rel}","templated":true}]}}