{"id":239769,"date":"2023-06-29T21:57:10","date_gmt":"2023-06-30T02:57:10","guid":{"rendered":"https:\/\/reddeportiva.net\/principal\/?p=239769"},"modified":"2023-06-29T21:57:12","modified_gmt":"2023-06-30T02:57:12","slug":"si-mil-vidas-tuviera-200-anos-de-la-gesta-patriotica-de-jose-olaya-balandra","status":"publish","type":"post","link":"https:\/\/reddeportiva.net\/principal\/?p=239769","title":{"rendered":"\u2018Si mil vidas tuviera\u2026\u2019: 200 a\u00f1os de la gesta patri\u00f3tica de Jos\u00e9 Olaya Balandra"},"content":{"rendered":"\n<figure class=\"wp-block-embed is-type-video is-provider-youtube wp-block-embed-youtube wp-embed-aspect-16-9 wp-has-aspect-ratio\"><div class=\"wp-block-embed__wrapper\">\n<iframe loading=\"lazy\" title=\"\u2018Si mil vidas tuviera\u2026\u2019: 200 a\u00f1os de la gesta patri\u00f3tica de Jos\u00e9 Olaya Balandra\" width=\"625\" height=\"352\" src=\"https:\/\/www.youtube.com\/embed\/l2Xxv4-jJAo?feature=oembed\" frameborder=\"0\" allow=\"accelerometer; autoplay; clipboard-write; encrypted-media; gyroscope; picture-in-picture; web-share\" referrerpolicy=\"strict-origin-when-cross-origin\" allowfullscreen><\/iframe>\n<\/div><\/figure>\n","protected":false},"excerpt":{"rendered":"","protected":false},"author":1,"featured_media":0,"comment_status":"closed","ping_status":"closed","sticky":false,"template":"","format":"standard","meta":{"_exactmetrics_skip_tracking":false,"_exactmetrics_sitenote_active":false,"_exactmetrics_sitenote_note":"","_exactmetrics_sitenote_category":0,"ngg_post_thumbnail":0,"footnotes":""},"categories":[1295,1281,949,36,1224],"tags":[],"class_list":["post-239769","post","type-post","status-publish","format-standard","hentry","category-compromisos","category-cronologias-proyecciones","category-mundo-anterior","category-reddeportiva-net","category-solidaridad"],"_links":{"self":[{"href":"https:\/\/reddeportiva.net\/principal\/index.php?rest_route=\/wp\/v2\/posts\/239769","targetHints":{"allow":["GET"]}}],"collection":[{"href":"https:\/\/reddeportiva.net\/principal\/index.php?rest_route=\/wp\/v2\/posts"}],"about":[{"href":"https:\/\/reddeportiva.net\/principal\/index.php?rest_route=\/wp\/v2\/types\/post"}],"author":[{"embeddable":true,"href":"https:\/\/reddeportiva.net\/principal\/index.php?rest_route=\/wp\/v2\/users\/1"}],"replies":[{"embeddable":true,"href":"https:\/\/reddeportiva.net\/principal\/index.php?rest_route=%2Fwp%2Fv2%2Fcomments&post=239769"}],"version-history":[{"count":1,"href":"https:\/\/reddeportiva.net\/principal\/index.php?rest_route=\/wp\/v2\/posts\/239769\/revisions"}],"predecessor-version":[{"id":239770,"href":"https:\/\/reddeportiva.net\/principal\/index.php?rest_route=\/wp\/v2\/posts\/239769\/revisions\/239770"}],"wp:attachment":[{"href":"https:\/\/reddeportiva.net\/principal\/index.php?rest_route=%2Fwp%2Fv2%2Fmedia&parent=239769"}],"wp:term":[{"taxonomy":"category","embeddable":true,"href":"https:\/\/reddeportiva.net\/principal\/index.php?rest_route=%2Fwp%2Fv2%2Fcategories&post=239769"},{"taxonomy":"post_tag","embeddable":true,"href":"https:\/\/reddeportiva.net\/principal\/index.php?rest_route=%2Fwp%2Fv2%2Ftags&post=239769"}],"curies":[{"name":"wp","href":"https:\/\/api.w.org\/{rel}","templated":true}]}}