{"id":239512,"date":"2023-06-22T20:43:38","date_gmt":"2023-06-23T01:43:38","guid":{"rendered":"https:\/\/reddeportiva.net\/principal\/?p=239512"},"modified":"2023-06-22T20:43:40","modified_gmt":"2023-06-23T01:43:40","slug":"como-afectara-el-nino-a-las-agroexportaciones-en-el-peru","status":"publish","type":"post","link":"https:\/\/reddeportiva.net\/principal\/?p=239512","title":{"rendered":"\u00bfC\u00f3mo afectar\u00e1 &#8216;El ni\u00f1o&#8217; a las agroexportaciones en el Per\u00fa?"},"content":{"rendered":"\n<figure class=\"wp-block-embed is-type-video is-provider-youtube wp-block-embed-youtube wp-embed-aspect-16-9 wp-has-aspect-ratio\"><div class=\"wp-block-embed__wrapper\">\n<iframe loading=\"lazy\" title=\"\u00bfC\u00f3mo afectar\u00e1 &#039;El ni\u00f1o&#039; a las agroexportaciones en el Per\u00fa?\" width=\"625\" height=\"352\" src=\"https:\/\/www.youtube.com\/embed\/lKoTZGO_MX0?feature=oembed\" frameborder=\"0\" allow=\"accelerometer; autoplay; clipboard-write; encrypted-media; gyroscope; picture-in-picture; web-share\" referrerpolicy=\"strict-origin-when-cross-origin\" allowfullscreen><\/iframe>\n<\/div><\/figure>\n","protected":false},"excerpt":{"rendered":"","protected":false},"author":1,"featured_media":0,"comment_status":"closed","ping_status":"closed","sticky":false,"template":"","format":"standard","meta":{"_exactmetrics_skip_tracking":false,"_exactmetrics_sitenote_active":false,"_exactmetrics_sitenote_note":"","_exactmetrics_sitenote_category":0,"ngg_post_thumbnail":0,"footnotes":""},"categories":[1262,1359,1253,1290,1254,1239,1317,1272,1296,1247,1402,1261,1368,1371,1378,1425,1476,1249,1471,1293,1223,1387,1404,1218,36],"tags":[],"class_list":["post-239512","post","type-post","status-publish","format-standard","hentry","category-acuerdos","category-biodiversidad-ambiente","category-buenas-practicas","category-cadena-de-valor","category-cambio-climatico-ambiente","category-cambio-social","category-colonizaciones","category-competencia-leal","category-concertacion","category-contratos","category-desplazados-americanos","category-emergencias-ambiente","category-energia-renovable-ambiente","category-incorporando","category-industria-alimentaria","category-integracion-cultural","category-manejo-del-agua-ambiente","category-mercadeo-justo","category-mercado-de-carbono-ambiente","category-mundo-laboral","category-mundo-politico","category-plagas","category-poderes-mundiales","category-proteccion-naturaleza-ambiente","category-reddeportiva-net"],"_links":{"self":[{"href":"https:\/\/reddeportiva.net\/principal\/index.php?rest_route=\/wp\/v2\/posts\/239512","targetHints":{"allow":["GET"]}}],"collection":[{"href":"https:\/\/reddeportiva.net\/principal\/index.php?rest_route=\/wp\/v2\/posts"}],"about":[{"href":"https:\/\/reddeportiva.net\/principal\/index.php?rest_route=\/wp\/v2\/types\/post"}],"author":[{"embeddable":true,"href":"https:\/\/reddeportiva.net\/principal\/index.php?rest_route=\/wp\/v2\/users\/1"}],"replies":[{"embeddable":true,"href":"https:\/\/reddeportiva.net\/principal\/index.php?rest_route=%2Fwp%2Fv2%2Fcomments&post=239512"}],"version-history":[{"count":1,"href":"https:\/\/reddeportiva.net\/principal\/index.php?rest_route=\/wp\/v2\/posts\/239512\/revisions"}],"predecessor-version":[{"id":239513,"href":"https:\/\/reddeportiva.net\/principal\/index.php?rest_route=\/wp\/v2\/posts\/239512\/revisions\/239513"}],"wp:attachment":[{"href":"https:\/\/reddeportiva.net\/principal\/index.php?rest_route=%2Fwp%2Fv2%2Fmedia&parent=239512"}],"wp:term":[{"taxonomy":"category","embeddable":true,"href":"https:\/\/reddeportiva.net\/principal\/index.php?rest_route=%2Fwp%2Fv2%2Fcategories&post=239512"},{"taxonomy":"post_tag","embeddable":true,"href":"https:\/\/reddeportiva.net\/principal\/index.php?rest_route=%2Fwp%2Fv2%2Ftags&post=239512"}],"curies":[{"name":"wp","href":"https:\/\/api.w.org\/{rel}","templated":true}]}}