{"id":239263,"date":"2023-06-17T05:17:51","date_gmt":"2023-06-17T10:17:51","guid":{"rendered":"https:\/\/reddeportiva.net\/principal\/?p=239263"},"modified":"2023-06-17T05:37:09","modified_gmt":"2023-06-17T10:37:09","slug":"hijo-del-periodista-ruben-zamora-denuncia-que-no-permitieron-que-la-defensa-presente-sus-pruebas","status":"publish","type":"post","link":"https:\/\/reddeportiva.net\/principal\/?p=239263","title":{"rendered":"Hijo del periodista Rub\u00e9n Zamora denuncia que no permitieron que la defensa presente sus pruebas"},"content":{"rendered":"\n<figure class=\"wp-block-embed is-type-video is-provider-youtube wp-block-embed-youtube wp-embed-aspect-16-9 wp-has-aspect-ratio\"><div class=\"wp-block-embed__wrapper\">\n<iframe loading=\"lazy\" title=\"Hijo del periodista Rub\u00e9n Zamora denuncia que no permitieron que la defensa presente sus pruebas\" width=\"625\" height=\"352\" src=\"https:\/\/www.youtube.com\/embed\/cGAEve8zQkI?feature=oembed\" frameborder=\"0\" allow=\"accelerometer; autoplay; clipboard-write; encrypted-media; gyroscope; picture-in-picture; web-share\" referrerpolicy=\"strict-origin-when-cross-origin\" allowfullscreen><\/iframe>\n<\/div><\/figure>\n\n\n\n<p>Seis a\u00f1os de prisi\u00f3n para el periodista Jos\u00e9 Rub\u00e9n Zamora en Guatemala<\/p>\n\n\n\n<figure class=\"wp-block-embed is-type-video is-provider-youtube wp-block-embed-youtube wp-embed-aspect-16-9 wp-has-aspect-ratio\"><div class=\"wp-block-embed__wrapper\">\n<iframe loading=\"lazy\" title=\"Seis a\u00f1os de prisi\u00f3n para el periodista Jos\u00e9 Rub\u00e9n Zamora en Guatemala\" width=\"625\" height=\"352\" src=\"https:\/\/www.youtube.com\/embed\/6dJlhGGfrV0?feature=oembed\" frameborder=\"0\" allow=\"accelerometer; autoplay; clipboard-write; encrypted-media; gyroscope; picture-in-picture; web-share\" referrerpolicy=\"strict-origin-when-cross-origin\" allowfullscreen><\/iframe>\n<\/div><\/figure>\n","protected":false},"excerpt":{"rendered":"<p>Seis a\u00f1os de prisi\u00f3n para el periodista Jos\u00e9 Rub\u00e9n Zamora en Guatemala<\/p>\n","protected":false},"author":1,"featured_media":0,"comment_status":"closed","ping_status":"closed","sticky":false,"template":"","format":"standard","meta":{"_exactmetrics_skip_tracking":false,"_exactmetrics_sitenote_active":false,"_exactmetrics_sitenote_note":"","_exactmetrics_sitenote_category":0,"ngg_post_thumbnail":0,"footnotes":""},"categories":[1278,1391,1397,1337,1454,1448,1388,1376,1339,1322,1331,1334,1307,1325,1309,1202,1241,1324,1371,1243,1286,1237,1405,1223,1382,1311,659,603,1213,1346,1287,1312,1328],"tags":[],"class_list":["post-239263","post","type-post","status-publish","format-standard","hentry","category-accion-politica-proyecciones","category-autenticidad-personal","category-autoritarismo","category-censura","category-cidh","category-corrupcion","category-debido-proceso","category-democracia","category-denuncias","category-desinformacion-mediatica","category-dinamicas-personales","category-equidad-personal","category-estado-de-derecho","category-excesos-del-poder","category-faltas-y-delitos","category-geopolitica-proyecciones","category-gobernanza","category-guerra-mediatica","category-incorporando","category-institucionalidad","category-integridad","category-libertades","category-manipulacion","category-mundo-politico","category-normalizacion","category-orden-y-disciplina","category-proyecciones-seguridad","category-proyecciones-sostenible","category-proyecciones-tecnologicas","category-represion","category-transparencia","category-trato-justo","category-tutelaje"],"_links":{"self":[{"href":"https:\/\/reddeportiva.net\/principal\/index.php?rest_route=\/wp\/v2\/posts\/239263","targetHints":{"allow":["GET"]}}],"collection":[{"href":"https:\/\/reddeportiva.net\/principal\/index.php?rest_route=\/wp\/v2\/posts"}],"about":[{"href":"https:\/\/reddeportiva.net\/principal\/index.php?rest_route=\/wp\/v2\/types\/post"}],"author":[{"embeddable":true,"href":"https:\/\/reddeportiva.net\/principal\/index.php?rest_route=\/wp\/v2\/users\/1"}],"replies":[{"embeddable":true,"href":"https:\/\/reddeportiva.net\/principal\/index.php?rest_route=%2Fwp%2Fv2%2Fcomments&post=239263"}],"version-history":[{"count":2,"href":"https:\/\/reddeportiva.net\/principal\/index.php?rest_route=\/wp\/v2\/posts\/239263\/revisions"}],"predecessor-version":[{"id":239266,"href":"https:\/\/reddeportiva.net\/principal\/index.php?rest_route=\/wp\/v2\/posts\/239263\/revisions\/239266"}],"wp:attachment":[{"href":"https:\/\/reddeportiva.net\/principal\/index.php?rest_route=%2Fwp%2Fv2%2Fmedia&parent=239263"}],"wp:term":[{"taxonomy":"category","embeddable":true,"href":"https:\/\/reddeportiva.net\/principal\/index.php?rest_route=%2Fwp%2Fv2%2Fcategories&post=239263"},{"taxonomy":"post_tag","embeddable":true,"href":"https:\/\/reddeportiva.net\/principal\/index.php?rest_route=%2Fwp%2Fv2%2Ftags&post=239263"}],"curies":[{"name":"wp","href":"https:\/\/api.w.org\/{rel}","templated":true}]}}