{"id":239189,"date":"2023-06-15T20:17:11","date_gmt":"2023-06-16T01:17:11","guid":{"rendered":"https:\/\/reddeportiva.net\/principal\/?p=239189"},"modified":"2023-06-15T20:17:14","modified_gmt":"2023-06-16T01:17:14","slug":"caida-de-la-produccion-nacional-podria-elevar-precio-de-alimentos","status":"publish","type":"post","link":"https:\/\/reddeportiva.net\/principal\/?p=239189","title":{"rendered":"Ca\u00edda de la producci\u00f3n nacional podr\u00eda elevar precio de alimentos"},"content":{"rendered":"\n<figure class=\"wp-block-embed is-type-video is-provider-youtube wp-block-embed-youtube wp-embed-aspect-16-9 wp-has-aspect-ratio\"><div class=\"wp-block-embed__wrapper\">\n<iframe loading=\"lazy\" title=\"Ca\u00edda de la producci\u00f3n nacional podr\u00eda elevar precio de alimentos\" width=\"625\" height=\"352\" src=\"https:\/\/www.youtube.com\/embed\/9JsbcbfRrMM?feature=oembed\" frameborder=\"0\" allow=\"accelerometer; autoplay; clipboard-write; encrypted-media; gyroscope; picture-in-picture; web-share\" referrerpolicy=\"strict-origin-when-cross-origin\" allowfullscreen><\/iframe>\n<\/div><\/figure>\n","protected":false},"excerpt":{"rendered":"","protected":false},"author":1,"featured_media":0,"comment_status":"closed","ping_status":"closed","sticky":false,"template":"","format":"standard","meta":{"_exactmetrics_skip_tracking":false,"_exactmetrics_sitenote_active":false,"_exactmetrics_sitenote_note":"","_exactmetrics_sitenote_category":0,"ngg_post_thumbnail":0,"footnotes":""},"categories":[1229,1254,1261,1371,1378,1429,1293,1264,1223,1375,1212,36],"tags":[],"class_list":["post-239189","post","type-post","status-publish","format-standard","hentry","category-agricultura-produccion-proyecciones","category-cambio-climatico-ambiente","category-emergencias-ambiente","category-incorporando","category-industria-alimentaria","category-mineria-produccion-proyecciones","category-mundo-laboral","category-mundo-natural","category-mundo-politico","category-negligencia","category-proyecciones-produccion","category-reddeportiva-net"],"_links":{"self":[{"href":"https:\/\/reddeportiva.net\/principal\/index.php?rest_route=\/wp\/v2\/posts\/239189","targetHints":{"allow":["GET"]}}],"collection":[{"href":"https:\/\/reddeportiva.net\/principal\/index.php?rest_route=\/wp\/v2\/posts"}],"about":[{"href":"https:\/\/reddeportiva.net\/principal\/index.php?rest_route=\/wp\/v2\/types\/post"}],"author":[{"embeddable":true,"href":"https:\/\/reddeportiva.net\/principal\/index.php?rest_route=\/wp\/v2\/users\/1"}],"replies":[{"embeddable":true,"href":"https:\/\/reddeportiva.net\/principal\/index.php?rest_route=%2Fwp%2Fv2%2Fcomments&post=239189"}],"version-history":[{"count":1,"href":"https:\/\/reddeportiva.net\/principal\/index.php?rest_route=\/wp\/v2\/posts\/239189\/revisions"}],"predecessor-version":[{"id":239190,"href":"https:\/\/reddeportiva.net\/principal\/index.php?rest_route=\/wp\/v2\/posts\/239189\/revisions\/239190"}],"wp:attachment":[{"href":"https:\/\/reddeportiva.net\/principal\/index.php?rest_route=%2Fwp%2Fv2%2Fmedia&parent=239189"}],"wp:term":[{"taxonomy":"category","embeddable":true,"href":"https:\/\/reddeportiva.net\/principal\/index.php?rest_route=%2Fwp%2Fv2%2Fcategories&post=239189"},{"taxonomy":"post_tag","embeddable":true,"href":"https:\/\/reddeportiva.net\/principal\/index.php?rest_route=%2Fwp%2Fv2%2Ftags&post=239189"}],"curies":[{"name":"wp","href":"https:\/\/api.w.org\/{rel}","templated":true}]}}