{"id":238734,"date":"2023-06-02T20:09:07","date_gmt":"2023-06-03T01:09:07","guid":{"rendered":"https:\/\/reddeportiva.net\/principal\/?p=238734"},"modified":"2023-06-02T20:09:10","modified_gmt":"2023-06-03T01:09:10","slug":"se-seca-el-segundo-rio-mas-largo-de-sudamerica-2","status":"publish","type":"post","link":"https:\/\/reddeportiva.net\/principal\/?p=238734","title":{"rendered":"\u00bfSe seca el segundo r\u00edo m\u00e1s largo de Sudam\u00e9rica?"},"content":{"rendered":"\n<figure class=\"wp-block-embed is-type-video is-provider-youtube wp-block-embed-youtube wp-embed-aspect-16-9 wp-has-aspect-ratio\"><div class=\"wp-block-embed__wrapper\">\n<iframe loading=\"lazy\" title=\"\u00bfQu\u00e9 pasa con el gran r\u00edo sudamericano?\" width=\"625\" height=\"352\" src=\"https:\/\/www.youtube.com\/embed\/jaCXaBzr_5s?feature=oembed\" frameborder=\"0\" allow=\"accelerometer; autoplay; clipboard-write; encrypted-media; gyroscope; picture-in-picture; web-share\" referrerpolicy=\"strict-origin-when-cross-origin\" allowfullscreen><\/iframe>\n<\/div><\/figure>\n","protected":false},"excerpt":{"rendered":"","protected":false},"author":1,"featured_media":0,"comment_status":"closed","ping_status":"closed","sticky":false,"template":"","format":"standard","meta":{"_exactmetrics_skip_tracking":false,"_exactmetrics_sitenote_active":false,"_exactmetrics_sitenote_note":"","_exactmetrics_sitenote_category":0,"ngg_post_thumbnail":0,"footnotes":""},"categories":[1229,1359,1399,1254,1351,1342,1261,1368,1378,1349,1218,286,1257,36],"tags":[],"class_list":["post-238734","post","type-post","status-publish","format-standard","hentry","category-agricultura-produccion-proyecciones","category-biodiversidad-ambiente","category-biologia-proyeccion","category-cambio-climatico-ambiente","category-compostaje-ambiente","category-contaminacion-ambiente","category-emergencias-ambiente","category-energia-renovable-ambiente","category-industria-alimentaria","category-primacia-de-la-realidad","category-proteccion-naturaleza-ambiente","category-proyecciones-ambiente","category-reciclaje-ambiente","category-reddeportiva-net"],"_links":{"self":[{"href":"https:\/\/reddeportiva.net\/principal\/index.php?rest_route=\/wp\/v2\/posts\/238734","targetHints":{"allow":["GET"]}}],"collection":[{"href":"https:\/\/reddeportiva.net\/principal\/index.php?rest_route=\/wp\/v2\/posts"}],"about":[{"href":"https:\/\/reddeportiva.net\/principal\/index.php?rest_route=\/wp\/v2\/types\/post"}],"author":[{"embeddable":true,"href":"https:\/\/reddeportiva.net\/principal\/index.php?rest_route=\/wp\/v2\/users\/1"}],"replies":[{"embeddable":true,"href":"https:\/\/reddeportiva.net\/principal\/index.php?rest_route=%2Fwp%2Fv2%2Fcomments&post=238734"}],"version-history":[{"count":1,"href":"https:\/\/reddeportiva.net\/principal\/index.php?rest_route=\/wp\/v2\/posts\/238734\/revisions"}],"predecessor-version":[{"id":238735,"href":"https:\/\/reddeportiva.net\/principal\/index.php?rest_route=\/wp\/v2\/posts\/238734\/revisions\/238735"}],"wp:attachment":[{"href":"https:\/\/reddeportiva.net\/principal\/index.php?rest_route=%2Fwp%2Fv2%2Fmedia&parent=238734"}],"wp:term":[{"taxonomy":"category","embeddable":true,"href":"https:\/\/reddeportiva.net\/principal\/index.php?rest_route=%2Fwp%2Fv2%2Fcategories&post=238734"},{"taxonomy":"post_tag","embeddable":true,"href":"https:\/\/reddeportiva.net\/principal\/index.php?rest_route=%2Fwp%2Fv2%2Ftags&post=238734"}],"curies":[{"name":"wp","href":"https:\/\/api.w.org\/{rel}","templated":true}]}}