{"id":238707,"date":"2023-06-02T12:44:22","date_gmt":"2023-06-02T17:44:22","guid":{"rendered":"https:\/\/reddeportiva.net\/principal\/?p=238707"},"modified":"2023-06-02T12:44:26","modified_gmt":"2023-06-02T17:44:26","slug":"%f0%9f%94%b4inperu-juntos-por-la-reactivacion-de-cusco-y-la-promocion-de-inversiones-envivo","status":"publish","type":"post","link":"https:\/\/reddeportiva.net\/principal\/?p=238707","title":{"rendered":"????InPer\u00fa: Juntos por la reactivaci\u00f3n de Cusco y la promoci\u00f3n de inversiones |\u00a0#EnVivo"},"content":{"rendered":"\n<figure class=\"wp-block-embed is-type-video is-provider-youtube wp-block-embed-youtube wp-embed-aspect-16-9 wp-has-aspect-ratio\"><div class=\"wp-block-embed__wrapper\">\n<iframe loading=\"lazy\" title=\"\ud83d\udd34InPer\u00fa: Juntos por la reactivaci\u00f3n de Cusco y la promoci\u00f3n de inversiones | #EnVivo\" width=\"625\" height=\"352\" src=\"https:\/\/www.youtube.com\/embed\/Y8ZI9GS3ji4?feature=oembed\" frameborder=\"0\" allow=\"accelerometer; autoplay; clipboard-write; encrypted-media; gyroscope; picture-in-picture; web-share\" referrerpolicy=\"strict-origin-when-cross-origin\" allowfullscreen><\/iframe>\n<\/div><\/figure>\n","protected":false},"excerpt":{"rendered":"","protected":false},"author":1,"featured_media":0,"comment_status":"closed","ping_status":"closed","sticky":false,"template":"","format":"standard","meta":{"_exactmetrics_skip_tracking":false,"_exactmetrics_sitenote_active":false,"_exactmetrics_sitenote_note":"","_exactmetrics_sitenote_category":0,"ngg_post_thumbnail":0,"footnotes":""},"categories":[1278,1407,1262,1229,1418,1399,1253,1290,1239,1272,1296,1247,1394,22,1307,1271,1411,1202,1241,1243,1286,1237,1249,1429,1222,1223,1382,1311,1404,1349,1350,1283,1341,36,1403,1381,1316,1413,1306,1287,1336,1312,1313,1447],"tags":[],"class_list":["post-238707","post","type-post","status-publish","format-standard","hentry","category-accion-politica-proyecciones","category-acuerdo-digital-proyeccion","category-acuerdos","category-agricultura-produccion-proyecciones","category-anticipacion","category-biologia-proyeccion","category-buenas-practicas","category-cadena-de-valor","category-cambio-social","category-competencia-leal","category-concertacion","category-contratos","category-derechos-de-propiedad","category-educacion-proyecciones","category-estado-de-derecho","category-excelencia","category-garantias","category-geopolitica-proyecciones","category-gobernanza","category-institucionalidad","category-integridad","category-libertades","category-mercadeo-justo","category-mineria-produccion-proyecciones","category-mundo-cultural","category-mundo-politico","category-normalizacion","category-orden-y-disciplina","category-poderes-mundiales","category-primacia-de-la-realidad","category-prioridades","category-productividad","category-promocion-y-ayudas","category-reddeportiva-net","category-reforma-servicios-publicos","category-seguridad-social","category-soluciones-comunitarias","category-soluciones-de-fondo","category-tolerancia","category-transparencia","category-transporte","category-trato-justo","category-turismo","category-vivienda"],"_links":{"self":[{"href":"https:\/\/reddeportiva.net\/principal\/index.php?rest_route=\/wp\/v2\/posts\/238707","targetHints":{"allow":["GET"]}}],"collection":[{"href":"https:\/\/reddeportiva.net\/principal\/index.php?rest_route=\/wp\/v2\/posts"}],"about":[{"href":"https:\/\/reddeportiva.net\/principal\/index.php?rest_route=\/wp\/v2\/types\/post"}],"author":[{"embeddable":true,"href":"https:\/\/reddeportiva.net\/principal\/index.php?rest_route=\/wp\/v2\/users\/1"}],"replies":[{"embeddable":true,"href":"https:\/\/reddeportiva.net\/principal\/index.php?rest_route=%2Fwp%2Fv2%2Fcomments&post=238707"}],"version-history":[{"count":1,"href":"https:\/\/reddeportiva.net\/principal\/index.php?rest_route=\/wp\/v2\/posts\/238707\/revisions"}],"predecessor-version":[{"id":238708,"href":"https:\/\/reddeportiva.net\/principal\/index.php?rest_route=\/wp\/v2\/posts\/238707\/revisions\/238708"}],"wp:attachment":[{"href":"https:\/\/reddeportiva.net\/principal\/index.php?rest_route=%2Fwp%2Fv2%2Fmedia&parent=238707"}],"wp:term":[{"taxonomy":"category","embeddable":true,"href":"https:\/\/reddeportiva.net\/principal\/index.php?rest_route=%2Fwp%2Fv2%2Fcategories&post=238707"},{"taxonomy":"post_tag","embeddable":true,"href":"https:\/\/reddeportiva.net\/principal\/index.php?rest_route=%2Fwp%2Fv2%2Ftags&post=238707"}],"curies":[{"name":"wp","href":"https:\/\/api.w.org\/{rel}","templated":true}]}}