{"id":238671,"date":"2023-06-01T23:25:59","date_gmt":"2023-06-02T04:25:59","guid":{"rendered":"https:\/\/reddeportiva.net\/principal\/?p=238671"},"modified":"2023-06-01T23:26:02","modified_gmt":"2023-06-02T04:26:02","slug":"rafael-lopez-aliaga-indicia-que-se-reubicara-a-los-ambulantes-en-la-misma-zona-del-centro-historico","status":"publish","type":"post","link":"https:\/\/reddeportiva.net\/principal\/?p=238671","title":{"rendered":"Rafael L\u00f3pez Aliaga indicia que se reubicar\u00e1 a los ambulantes en la misma zona del centro hist\u00f3rico"},"content":{"rendered":"\n<figure class=\"wp-block-embed is-type-video is-provider-youtube wp-block-embed-youtube wp-embed-aspect-16-9 wp-has-aspect-ratio\"><div class=\"wp-block-embed__wrapper\">\n<iframe loading=\"lazy\" title=\"Rafael L\u00f3pez Aliaga indicia que se reubicar\u00e1 a los ambulantes en la misma zona del centro hist\u00f3rico\" width=\"625\" height=\"352\" src=\"https:\/\/www.youtube.com\/embed\/JxNCJEILVZc?feature=oembed\" frameborder=\"0\" allow=\"accelerometer; autoplay; clipboard-write; encrypted-media; gyroscope; picture-in-picture; web-share\" referrerpolicy=\"strict-origin-when-cross-origin\" allowfullscreen><\/iframe>\n<\/div><\/figure>\n","protected":false},"excerpt":{"rendered":"","protected":false},"author":1,"featured_media":0,"comment_status":"closed","ping_status":"closed","sticky":false,"template":"","format":"standard","meta":{"_exactmetrics_skip_tracking":false,"_exactmetrics_sitenote_active":false,"_exactmetrics_sitenote_note":"","_exactmetrics_sitenote_category":0,"ngg_post_thumbnail":0,"footnotes":""},"categories":[1407,1262,1399,1253,1290,1239,1395,1298,1272,1296,1247,1448,1376,22,1225,1190,1307,1241,1243,1286,1237,1405,1366,1249,1219,1293,1223,1349,1350,1285,36],"tags":[],"class_list":["post-238671","post","type-post","status-publish","format-standard","hentry","category-acuerdo-digital-proyeccion","category-acuerdos","category-biologia-proyeccion","category-buenas-practicas","category-cadena-de-valor","category-cambio-social","category-cierre-de-brechas-proyecciones","category-compensacion-proyecciones","category-competencia-leal","category-concertacion","category-contratos","category-corrupcion","category-democracia","category-educacion-proyecciones","category-empoderamiento-proyeccion","category-emprendimientos","category-estado-de-derecho","category-gobernanza","category-institucionalidad","category-integridad","category-libertades","category-manipulacion","category-marginacion","category-mercadeo-justo","category-mundo-familiar","category-mundo-laboral","category-mundo-politico","category-primacia-de-la-realidad","category-prioridades","category-reciprocidad-proyecciones","category-reddeportiva-net"],"_links":{"self":[{"href":"https:\/\/reddeportiva.net\/principal\/index.php?rest_route=\/wp\/v2\/posts\/238671","targetHints":{"allow":["GET"]}}],"collection":[{"href":"https:\/\/reddeportiva.net\/principal\/index.php?rest_route=\/wp\/v2\/posts"}],"about":[{"href":"https:\/\/reddeportiva.net\/principal\/index.php?rest_route=\/wp\/v2\/types\/post"}],"author":[{"embeddable":true,"href":"https:\/\/reddeportiva.net\/principal\/index.php?rest_route=\/wp\/v2\/users\/1"}],"replies":[{"embeddable":true,"href":"https:\/\/reddeportiva.net\/principal\/index.php?rest_route=%2Fwp%2Fv2%2Fcomments&post=238671"}],"version-history":[{"count":1,"href":"https:\/\/reddeportiva.net\/principal\/index.php?rest_route=\/wp\/v2\/posts\/238671\/revisions"}],"predecessor-version":[{"id":238672,"href":"https:\/\/reddeportiva.net\/principal\/index.php?rest_route=\/wp\/v2\/posts\/238671\/revisions\/238672"}],"wp:attachment":[{"href":"https:\/\/reddeportiva.net\/principal\/index.php?rest_route=%2Fwp%2Fv2%2Fmedia&parent=238671"}],"wp:term":[{"taxonomy":"category","embeddable":true,"href":"https:\/\/reddeportiva.net\/principal\/index.php?rest_route=%2Fwp%2Fv2%2Fcategories&post=238671"},{"taxonomy":"post_tag","embeddable":true,"href":"https:\/\/reddeportiva.net\/principal\/index.php?rest_route=%2Fwp%2Fv2%2Ftags&post=238671"}],"curies":[{"name":"wp","href":"https:\/\/api.w.org\/{rel}","templated":true}]}}