{"id":238611,"date":"2023-05-31T22:33:22","date_gmt":"2023-06-01T03:33:22","guid":{"rendered":"https:\/\/reddeportiva.net\/principal\/?p=238611"},"modified":"2023-05-31T22:33:25","modified_gmt":"2023-06-01T03:33:25","slug":"fenomeno-el-nino-global-2023-calentamiento-del-mar-costaria-miles-de-millones-valganverdades","status":"publish","type":"post","link":"https:\/\/reddeportiva.net\/principal\/?p=238611","title":{"rendered":"Fen\u00f3meno El Ni\u00f1o global 2023: Calentamiento del mar costar\u00eda miles de millones\u00a0#ValganVerdades"},"content":{"rendered":"\n<figure class=\"wp-block-embed is-type-video is-provider-youtube wp-block-embed-youtube wp-embed-aspect-16-9 wp-has-aspect-ratio\"><div class=\"wp-block-embed__wrapper\">\n<iframe loading=\"lazy\" title=\"Fen\u00f3meno El Ni\u00f1o global 2023: Calentamiento del mar costar\u00eda miles de millones  #ValganVerdades\" width=\"625\" height=\"352\" src=\"https:\/\/www.youtube.com\/embed\/J4cg6liw5Bs?feature=oembed\" frameborder=\"0\" allow=\"accelerometer; autoplay; clipboard-write; encrypted-media; gyroscope; picture-in-picture; web-share\" referrerpolicy=\"strict-origin-when-cross-origin\" allowfullscreen><\/iframe>\n<\/div><\/figure>\n","protected":false},"excerpt":{"rendered":"","protected":false},"author":1,"featured_media":0,"comment_status":"closed","ping_status":"closed","sticky":false,"template":"","format":"standard","meta":{"_exactmetrics_skip_tracking":false,"_exactmetrics_sitenote_active":false,"_exactmetrics_sitenote_note":"","_exactmetrics_sitenote_category":0,"ngg_post_thumbnail":0,"footnotes":""},"categories":[1359,1254,1261,1218],"tags":[],"class_list":["post-238611","post","type-post","status-publish","format-standard","hentry","category-biodiversidad-ambiente","category-cambio-climatico-ambiente","category-emergencias-ambiente","category-proteccion-naturaleza-ambiente"],"_links":{"self":[{"href":"https:\/\/reddeportiva.net\/principal\/index.php?rest_route=\/wp\/v2\/posts\/238611","targetHints":{"allow":["GET"]}}],"collection":[{"href":"https:\/\/reddeportiva.net\/principal\/index.php?rest_route=\/wp\/v2\/posts"}],"about":[{"href":"https:\/\/reddeportiva.net\/principal\/index.php?rest_route=\/wp\/v2\/types\/post"}],"author":[{"embeddable":true,"href":"https:\/\/reddeportiva.net\/principal\/index.php?rest_route=\/wp\/v2\/users\/1"}],"replies":[{"embeddable":true,"href":"https:\/\/reddeportiva.net\/principal\/index.php?rest_route=%2Fwp%2Fv2%2Fcomments&post=238611"}],"version-history":[{"count":1,"href":"https:\/\/reddeportiva.net\/principal\/index.php?rest_route=\/wp\/v2\/posts\/238611\/revisions"}],"predecessor-version":[{"id":238612,"href":"https:\/\/reddeportiva.net\/principal\/index.php?rest_route=\/wp\/v2\/posts\/238611\/revisions\/238612"}],"wp:attachment":[{"href":"https:\/\/reddeportiva.net\/principal\/index.php?rest_route=%2Fwp%2Fv2%2Fmedia&parent=238611"}],"wp:term":[{"taxonomy":"category","embeddable":true,"href":"https:\/\/reddeportiva.net\/principal\/index.php?rest_route=%2Fwp%2Fv2%2Fcategories&post=238611"},{"taxonomy":"post_tag","embeddable":true,"href":"https:\/\/reddeportiva.net\/principal\/index.php?rest_route=%2Fwp%2Fv2%2Ftags&post=238611"}],"curies":[{"name":"wp","href":"https:\/\/api.w.org\/{rel}","templated":true}]}}