{"id":238526,"date":"2023-05-30T11:33:03","date_gmt":"2023-05-30T16:33:03","guid":{"rendered":"https:\/\/reddeportiva.net\/principal\/?p=238526"},"modified":"2023-05-30T11:33:06","modified_gmt":"2023-05-30T16:33:06","slug":"dia-de-la-papa-cuan-importante-es-su-produccion-para-la-economia-nacional","status":"publish","type":"post","link":"https:\/\/reddeportiva.net\/principal\/?p=238526","title":{"rendered":"D\u00cdA DE LA PAPA: \u00bfCu\u00e1n importante es su producci\u00f3n para la econom\u00eda nacional?"},"content":{"rendered":"\n<figure class=\"wp-block-embed is-type-video is-provider-youtube wp-block-embed-youtube wp-embed-aspect-16-9 wp-has-aspect-ratio\"><div class=\"wp-block-embed__wrapper\">\n<iframe loading=\"lazy\" title=\"D\u00cdA DE LA PAPA: \u00bfCu\u00e1n importante es su producci\u00f3n para la econom\u00eda nacional?\" width=\"625\" height=\"352\" src=\"https:\/\/www.youtube.com\/embed\/x6GUDNjG6sg?feature=oembed\" frameborder=\"0\" allow=\"accelerometer; autoplay; clipboard-write; encrypted-media; gyroscope; picture-in-picture; web-share\" referrerpolicy=\"strict-origin-when-cross-origin\" allowfullscreen><\/iframe>\n<\/div><\/figure>\n","protected":false},"excerpt":{"rendered":"","protected":false},"author":1,"featured_media":0,"comment_status":"closed","ping_status":"closed","sticky":false,"template":"","format":"standard","meta":{"_exactmetrics_skip_tracking":false,"_exactmetrics_sitenote_active":false,"_exactmetrics_sitenote_note":"","_exactmetrics_sitenote_category":0,"ngg_post_thumbnail":0,"footnotes":""},"categories":[1229,1359,1254,1351,1342,1378,1219,1293,1223,1349,1218,1257,36],"tags":[],"class_list":["post-238526","post","type-post","status-publish","format-standard","hentry","category-agricultura-produccion-proyecciones","category-biodiversidad-ambiente","category-cambio-climatico-ambiente","category-compostaje-ambiente","category-contaminacion-ambiente","category-industria-alimentaria","category-mundo-familiar","category-mundo-laboral","category-mundo-politico","category-primacia-de-la-realidad","category-proteccion-naturaleza-ambiente","category-reciclaje-ambiente","category-reddeportiva-net"],"_links":{"self":[{"href":"https:\/\/reddeportiva.net\/principal\/index.php?rest_route=\/wp\/v2\/posts\/238526","targetHints":{"allow":["GET"]}}],"collection":[{"href":"https:\/\/reddeportiva.net\/principal\/index.php?rest_route=\/wp\/v2\/posts"}],"about":[{"href":"https:\/\/reddeportiva.net\/principal\/index.php?rest_route=\/wp\/v2\/types\/post"}],"author":[{"embeddable":true,"href":"https:\/\/reddeportiva.net\/principal\/index.php?rest_route=\/wp\/v2\/users\/1"}],"replies":[{"embeddable":true,"href":"https:\/\/reddeportiva.net\/principal\/index.php?rest_route=%2Fwp%2Fv2%2Fcomments&post=238526"}],"version-history":[{"count":1,"href":"https:\/\/reddeportiva.net\/principal\/index.php?rest_route=\/wp\/v2\/posts\/238526\/revisions"}],"predecessor-version":[{"id":238527,"href":"https:\/\/reddeportiva.net\/principal\/index.php?rest_route=\/wp\/v2\/posts\/238526\/revisions\/238527"}],"wp:attachment":[{"href":"https:\/\/reddeportiva.net\/principal\/index.php?rest_route=%2Fwp%2Fv2%2Fmedia&parent=238526"}],"wp:term":[{"taxonomy":"category","embeddable":true,"href":"https:\/\/reddeportiva.net\/principal\/index.php?rest_route=%2Fwp%2Fv2%2Fcategories&post=238526"},{"taxonomy":"post_tag","embeddable":true,"href":"https:\/\/reddeportiva.net\/principal\/index.php?rest_route=%2Fwp%2Fv2%2Ftags&post=238526"}],"curies":[{"name":"wp","href":"https:\/\/api.w.org\/{rel}","templated":true}]}}