{"id":238353,"date":"2023-05-26T16:17:11","date_gmt":"2023-05-26T21:17:11","guid":{"rendered":"https:\/\/reddeportiva.net\/principal\/?p=238353"},"modified":"2023-05-26T16:17:14","modified_gmt":"2023-05-26T21:17:14","slug":"sutep-se-movilizo-este-jueves-en-rechazo-a-la-privatizacion-de-la-educacion","status":"publish","type":"post","link":"https:\/\/reddeportiva.net\/principal\/?p=238353","title":{"rendered":"Sutep se moviliz\u00f3 este jueves en rechazo a la privatizaci\u00f3n de la educaci\u00f3n"},"content":{"rendered":"\n<figure class=\"wp-block-embed is-type-video is-provider-youtube wp-block-embed-youtube wp-embed-aspect-16-9 wp-has-aspect-ratio\"><div class=\"wp-block-embed__wrapper\">\n<iframe loading=\"lazy\" title=\"Sutep se moviliz\u00f3 este jueves en rechazo a la privatizaci\u00f3n de la educaci\u00f3n\" width=\"625\" height=\"352\" src=\"https:\/\/www.youtube.com\/embed\/6YdH8wdUrLU?feature=oembed\" frameborder=\"0\" allow=\"accelerometer; autoplay; clipboard-write; encrypted-media; gyroscope; picture-in-picture; web-share\" referrerpolicy=\"strict-origin-when-cross-origin\" allowfullscreen><\/iframe>\n<\/div><\/figure>\n","protected":false},"excerpt":{"rendered":"","protected":false},"author":1,"featured_media":0,"comment_status":"closed","ping_status":"closed","sticky":false,"template":"","format":"standard","meta":{"_exactmetrics_skip_tracking":false,"_exactmetrics_sitenote_active":false,"_exactmetrics_sitenote_note":"","_exactmetrics_sitenote_category":0,"ngg_post_thumbnail":0,"footnotes":""},"categories":[1315,1253,1290,1369,1275,1298,1272,1296,1282,1326,1331,22,1225,1190,1334,1271,1269,1371,1425,1462,1249,1220,1219,76,1293,1223,541,1441,1446,1349,603,1213,1442,36,1460,1266,1461,1413,1306,1312,1328,1420],"tags":[],"class_list":["post-238353","post","type-post","status-publish","format-standard","hentry","category-abusos-empresariales","category-buenas-practicas","category-cadena-de-valor","category-ciudadano","category-civismo-proyecciones","category-compensacion-proyecciones","category-competencia-leal","category-concertacion","category-control-proyecciones","category-desarrollo","category-dinamicas-personales","category-educacion-proyecciones","category-empoderamiento-proyeccion","category-emprendimientos","category-equidad-personal","category-excelencia","category-gestion-proyecciones","category-incorporando","category-integracion-cultural","category-maduracion","category-mercadeo-justo","category-mundo-del-diseno","category-mundo-familiar","category-mundo-innovacion","category-mundo-laboral","category-mundo-politico","category-piloto-educadores","category-planeamiento","category-presupuestal","category-primacia-de-la-realidad","category-proyecciones-sostenible","category-proyecciones-tecnologicas","category-proyectos-y-procesos","category-reddeportiva-net","category-redes","category-servicios-proyecciones","category-sistemico","category-soluciones-de-fondo","category-tolerancia","category-trato-justo","category-tutelaje","category-valor"],"_links":{"self":[{"href":"https:\/\/reddeportiva.net\/principal\/index.php?rest_route=\/wp\/v2\/posts\/238353","targetHints":{"allow":["GET"]}}],"collection":[{"href":"https:\/\/reddeportiva.net\/principal\/index.php?rest_route=\/wp\/v2\/posts"}],"about":[{"href":"https:\/\/reddeportiva.net\/principal\/index.php?rest_route=\/wp\/v2\/types\/post"}],"author":[{"embeddable":true,"href":"https:\/\/reddeportiva.net\/principal\/index.php?rest_route=\/wp\/v2\/users\/1"}],"replies":[{"embeddable":true,"href":"https:\/\/reddeportiva.net\/principal\/index.php?rest_route=%2Fwp%2Fv2%2Fcomments&post=238353"}],"version-history":[{"count":1,"href":"https:\/\/reddeportiva.net\/principal\/index.php?rest_route=\/wp\/v2\/posts\/238353\/revisions"}],"predecessor-version":[{"id":238354,"href":"https:\/\/reddeportiva.net\/principal\/index.php?rest_route=\/wp\/v2\/posts\/238353\/revisions\/238354"}],"wp:attachment":[{"href":"https:\/\/reddeportiva.net\/principal\/index.php?rest_route=%2Fwp%2Fv2%2Fmedia&parent=238353"}],"wp:term":[{"taxonomy":"category","embeddable":true,"href":"https:\/\/reddeportiva.net\/principal\/index.php?rest_route=%2Fwp%2Fv2%2Fcategories&post=238353"},{"taxonomy":"post_tag","embeddable":true,"href":"https:\/\/reddeportiva.net\/principal\/index.php?rest_route=%2Fwp%2Fv2%2Ftags&post=238353"}],"curies":[{"name":"wp","href":"https:\/\/api.w.org\/{rel}","templated":true}]}}