{"id":238289,"date":"2023-05-24T07:57:06","date_gmt":"2023-05-24T12:57:06","guid":{"rendered":"https:\/\/reddeportiva.net\/principal\/?p=238289"},"modified":"2023-05-24T07:59:03","modified_gmt":"2023-05-24T12:59:03","slug":"como-afecta-a-la-salud-humana-la-historica-sequia-que-vive-uruguay","status":"publish","type":"post","link":"https:\/\/reddeportiva.net\/principal\/?p=238289","title":{"rendered":"\u00bfC\u00f3mo afecta a la salud humana la hist\u00f3rica sequ\u00eda que vive Uruguay?"},"content":{"rendered":"\n<figure class=\"wp-block-embed is-type-video is-provider-youtube wp-block-embed-youtube wp-embed-aspect-16-9 wp-has-aspect-ratio\"><div class=\"wp-block-embed__wrapper\">\n<iframe loading=\"lazy\" title=\"\u00bfC\u00f3mo afecta a la salud humana la hist\u00f3rica sequ\u00eda que vive Uruguay?\" width=\"625\" height=\"352\" src=\"https:\/\/www.youtube.com\/embed\/apfhtHKw2Ds?feature=oembed\" frameborder=\"0\" allow=\"accelerometer; autoplay; clipboard-write; encrypted-media; gyroscope; picture-in-picture; web-share\" referrerpolicy=\"strict-origin-when-cross-origin\" allowfullscreen><\/iframe>\n<\/div><\/figure>\n","protected":false},"excerpt":{"rendered":"","protected":false},"author":1,"featured_media":0,"comment_status":"closed","ping_status":"closed","sticky":false,"template":"","format":"standard","meta":{"_exactmetrics_skip_tracking":false,"_exactmetrics_sitenote_active":false,"_exactmetrics_sitenote_note":"","_exactmetrics_sitenote_category":0,"ngg_post_thumbnail":0,"footnotes":""},"categories":[1229,1359,1254,1342,1261,1232,1368,1202,1378,1425,1429,1293,1264,1223,1441,1349,1218,659,603,1213,1442,1257,36,1266],"tags":[],"class_list":["post-238289","post","type-post","status-publish","format-standard","hentry","category-agricultura-produccion-proyecciones","category-biodiversidad-ambiente","category-cambio-climatico-ambiente","category-contaminacion-ambiente","category-emergencias-ambiente","category-energia-produccion-proyecciones","category-energia-renovable-ambiente","category-geopolitica-proyecciones","category-industria-alimentaria","category-integracion-cultural","category-mineria-produccion-proyecciones","category-mundo-laboral","category-mundo-natural","category-mundo-politico","category-planeamiento","category-primacia-de-la-realidad","category-proteccion-naturaleza-ambiente","category-proyecciones-seguridad","category-proyecciones-sostenible","category-proyecciones-tecnologicas","category-proyectos-y-procesos","category-reciclaje-ambiente","category-reddeportiva-net","category-servicios-proyecciones"],"_links":{"self":[{"href":"https:\/\/reddeportiva.net\/principal\/index.php?rest_route=\/wp\/v2\/posts\/238289","targetHints":{"allow":["GET"]}}],"collection":[{"href":"https:\/\/reddeportiva.net\/principal\/index.php?rest_route=\/wp\/v2\/posts"}],"about":[{"href":"https:\/\/reddeportiva.net\/principal\/index.php?rest_route=\/wp\/v2\/types\/post"}],"author":[{"embeddable":true,"href":"https:\/\/reddeportiva.net\/principal\/index.php?rest_route=\/wp\/v2\/users\/1"}],"replies":[{"embeddable":true,"href":"https:\/\/reddeportiva.net\/principal\/index.php?rest_route=%2Fwp%2Fv2%2Fcomments&post=238289"}],"version-history":[{"count":1,"href":"https:\/\/reddeportiva.net\/principal\/index.php?rest_route=\/wp\/v2\/posts\/238289\/revisions"}],"predecessor-version":[{"id":238290,"href":"https:\/\/reddeportiva.net\/principal\/index.php?rest_route=\/wp\/v2\/posts\/238289\/revisions\/238290"}],"wp:attachment":[{"href":"https:\/\/reddeportiva.net\/principal\/index.php?rest_route=%2Fwp%2Fv2%2Fmedia&parent=238289"}],"wp:term":[{"taxonomy":"category","embeddable":true,"href":"https:\/\/reddeportiva.net\/principal\/index.php?rest_route=%2Fwp%2Fv2%2Fcategories&post=238289"},{"taxonomy":"post_tag","embeddable":true,"href":"https:\/\/reddeportiva.net\/principal\/index.php?rest_route=%2Fwp%2Fv2%2Ftags&post=238289"}],"curies":[{"name":"wp","href":"https:\/\/api.w.org\/{rel}","templated":true}]}}