{"id":238279,"date":"2023-05-24T07:04:05","date_gmt":"2023-05-24T12:04:05","guid":{"rendered":"https:\/\/reddeportiva.net\/principal\/?p=238279"},"modified":"2023-05-24T07:04:08","modified_gmt":"2023-05-24T12:04:08","slug":"cual-sera-el-impacto-del-fenomeno-del-nino-en-america-latina-en-2023","status":"publish","type":"post","link":"https:\/\/reddeportiva.net\/principal\/?p=238279","title":{"rendered":"\u00bfCu\u00e1l ser\u00e1 el impacto del Fen\u00f3meno del Ni\u00f1o en Am\u00e9rica Latina en 2023?"},"content":{"rendered":"\n<figure class=\"wp-block-embed is-type-video is-provider-youtube wp-block-embed-youtube wp-embed-aspect-16-9 wp-has-aspect-ratio\"><div class=\"wp-block-embed__wrapper\">\n<iframe loading=\"lazy\" title=\"\u00bfCu\u00e1l ser\u00e1 el impacto del Fen\u00f3meno del Ni\u00f1o en Am\u00e9rica Latina en 2023?\" width=\"625\" height=\"352\" src=\"https:\/\/www.youtube.com\/embed\/8OHUYH8F5vw?feature=oembed\" frameborder=\"0\" allow=\"accelerometer; autoplay; clipboard-write; encrypted-media; gyroscope; picture-in-picture; web-share\" referrerpolicy=\"strict-origin-when-cross-origin\" allowfullscreen><\/iframe>\n<\/div><\/figure>\n","protected":false},"excerpt":{"rendered":"","protected":false},"author":1,"featured_media":0,"comment_status":"closed","ping_status":"closed","sticky":false,"template":"","format":"standard","meta":{"_exactmetrics_skip_tracking":false,"_exactmetrics_sitenote_active":false,"_exactmetrics_sitenote_note":"","_exactmetrics_sitenote_category":0,"ngg_post_thumbnail":0,"footnotes":""},"categories":[1229,1431,1359,1254,1261,1430,1293,1264,1223,1387,1441,1349,1218,286,1442,36,1266],"tags":[],"class_list":["post-238279","post","type-post","status-publish","format-standard","hentry","category-agricultura-produccion-proyecciones","category-arquitectura","category-biodiversidad-ambiente","category-cambio-climatico-ambiente","category-emergencias-ambiente","category-ingenieria","category-mundo-laboral","category-mundo-natural","category-mundo-politico","category-plagas","category-planeamiento","category-primacia-de-la-realidad","category-proteccion-naturaleza-ambiente","category-proyecciones-ambiente","category-proyectos-y-procesos","category-reddeportiva-net","category-servicios-proyecciones"],"_links":{"self":[{"href":"https:\/\/reddeportiva.net\/principal\/index.php?rest_route=\/wp\/v2\/posts\/238279","targetHints":{"allow":["GET"]}}],"collection":[{"href":"https:\/\/reddeportiva.net\/principal\/index.php?rest_route=\/wp\/v2\/posts"}],"about":[{"href":"https:\/\/reddeportiva.net\/principal\/index.php?rest_route=\/wp\/v2\/types\/post"}],"author":[{"embeddable":true,"href":"https:\/\/reddeportiva.net\/principal\/index.php?rest_route=\/wp\/v2\/users\/1"}],"replies":[{"embeddable":true,"href":"https:\/\/reddeportiva.net\/principal\/index.php?rest_route=%2Fwp%2Fv2%2Fcomments&post=238279"}],"version-history":[{"count":1,"href":"https:\/\/reddeportiva.net\/principal\/index.php?rest_route=\/wp\/v2\/posts\/238279\/revisions"}],"predecessor-version":[{"id":238280,"href":"https:\/\/reddeportiva.net\/principal\/index.php?rest_route=\/wp\/v2\/posts\/238279\/revisions\/238280"}],"wp:attachment":[{"href":"https:\/\/reddeportiva.net\/principal\/index.php?rest_route=%2Fwp%2Fv2%2Fmedia&parent=238279"}],"wp:term":[{"taxonomy":"category","embeddable":true,"href":"https:\/\/reddeportiva.net\/principal\/index.php?rest_route=%2Fwp%2Fv2%2Fcategories&post=238279"},{"taxonomy":"post_tag","embeddable":true,"href":"https:\/\/reddeportiva.net\/principal\/index.php?rest_route=%2Fwp%2Fv2%2Ftags&post=238279"}],"curies":[{"name":"wp","href":"https:\/\/api.w.org\/{rel}","templated":true}]}}