{"id":238177,"date":"2023-05-21T21:41:28","date_gmt":"2023-05-22T02:41:28","guid":{"rendered":"https:\/\/reddeportiva.net\/principal\/?p=238177"},"modified":"2023-05-21T21:41:53","modified_gmt":"2023-05-22T02:41:53","slug":"donde-se-lucha-ya-y-donde-se-luchara-por-el-control-del-agua","status":"publish","type":"post","link":"https:\/\/reddeportiva.net\/principal\/?p=238177","title":{"rendered":"D\u00f3nde se lucha ya y d\u00f3nde se luchar\u00e1 por el control del agua"},"content":{"rendered":"\n<figure class=\"wp-block-embed is-type-video is-provider-youtube wp-block-embed-youtube wp-embed-aspect-16-9 wp-has-aspect-ratio\"><div class=\"wp-block-embed__wrapper\">\n<iframe loading=\"lazy\" title=\"D\u00f3nde se lucha ya y d\u00f3nde se luchar\u00e1 por el control del agua\" width=\"625\" height=\"352\" src=\"https:\/\/www.youtube.com\/embed\/8gRH0WRz7q8?feature=oembed\" frameborder=\"0\" allow=\"accelerometer; autoplay; clipboard-write; encrypted-media; gyroscope; picture-in-picture; web-share\" referrerpolicy=\"strict-origin-when-cross-origin\" allowfullscreen><\/iframe>\n<\/div><\/figure>\n","protected":false},"excerpt":{"rendered":"","protected":false},"author":1,"featured_media":0,"comment_status":"closed","ping_status":"closed","sticky":false,"template":"","format":"standard","meta":{"_exactmetrics_skip_tracking":false,"_exactmetrics_sitenote_active":false,"_exactmetrics_sitenote_note":"","_exactmetrics_sitenote_category":0,"ngg_post_thumbnail":0,"footnotes":""},"categories":[1278,1407,1229,1357,1431,1359,1399,1254,1239,1365,1351,1342,1394,1402,1424,1419,22,1261,1368,1202,1417,1377,1358,1378,1430,1425,1293,1264,1223,1353,1387,1441,1404,1349,1218,286,273,659,603,1213,1442,1257,36,1384,1356,94,1381,1266,1355],"tags":[],"class_list":["post-238177","post","type-post","status-publish","format-standard","hentry","category-accion-politica-proyecciones","category-acuerdo-digital-proyeccion","category-agricultura-produccion-proyecciones","category-alemania-proyecciones-multilateralismo","category-arquitectura","category-biodiversidad-ambiente","category-biologia-proyeccion","category-cambio-climatico-ambiente","category-cambio-social","category-china-organizacion-multilateralismo-proyecciones","category-compostaje-ambiente","category-contaminacion-ambiente","category-derechos-de-propiedad","category-desplazados-americanos","category-desplazados-asiaticos","category-desplazados-europeos","category-educacion-proyecciones","category-emergencias-ambiente","category-energia-renovable-ambiente","category-geopolitica-proyecciones","category-global-britain","category-india","category-indo-pacific","category-industria-alimentaria","category-ingenieria","category-integracion-cultural","category-mundo-laboral","category-mundo-natural","category-mundo-politico","category-organizacion-multilateralismo-proyecciones","category-plagas","category-planeamiento","category-poderes-mundiales","category-primacia-de-la-realidad","category-proteccion-naturaleza-ambiente","category-proyecciones-ambiente","category-proyecciones-refugiados","category-proyecciones-seguridad","category-proyecciones-sostenible","category-proyecciones-tecnologicas","category-proyectos-y-procesos","category-reciclaje-ambiente","category-reddeportiva-net","category-riesgos-y-vulnerabilidades","category-rusia-proyecciones-multilateralismo","category-salud-mental","category-seguridad-social","category-servicios-proyecciones","category-turquia"],"_links":{"self":[{"href":"https:\/\/reddeportiva.net\/principal\/index.php?rest_route=\/wp\/v2\/posts\/238177","targetHints":{"allow":["GET"]}}],"collection":[{"href":"https:\/\/reddeportiva.net\/principal\/index.php?rest_route=\/wp\/v2\/posts"}],"about":[{"href":"https:\/\/reddeportiva.net\/principal\/index.php?rest_route=\/wp\/v2\/types\/post"}],"author":[{"embeddable":true,"href":"https:\/\/reddeportiva.net\/principal\/index.php?rest_route=\/wp\/v2\/users\/1"}],"replies":[{"embeddable":true,"href":"https:\/\/reddeportiva.net\/principal\/index.php?rest_route=%2Fwp%2Fv2%2Fcomments&post=238177"}],"version-history":[{"count":1,"href":"https:\/\/reddeportiva.net\/principal\/index.php?rest_route=\/wp\/v2\/posts\/238177\/revisions"}],"predecessor-version":[{"id":238178,"href":"https:\/\/reddeportiva.net\/principal\/index.php?rest_route=\/wp\/v2\/posts\/238177\/revisions\/238178"}],"wp:attachment":[{"href":"https:\/\/reddeportiva.net\/principal\/index.php?rest_route=%2Fwp%2Fv2%2Fmedia&parent=238177"}],"wp:term":[{"taxonomy":"category","embeddable":true,"href":"https:\/\/reddeportiva.net\/principal\/index.php?rest_route=%2Fwp%2Fv2%2Fcategories&post=238177"},{"taxonomy":"post_tag","embeddable":true,"href":"https:\/\/reddeportiva.net\/principal\/index.php?rest_route=%2Fwp%2Fv2%2Ftags&post=238177"}],"curies":[{"name":"wp","href":"https:\/\/api.w.org\/{rel}","templated":true}]}}