{"id":237844,"date":"2023-05-11T23:43:03","date_gmt":"2023-05-12T04:43:03","guid":{"rendered":"https:\/\/reddeportiva.net\/principal\/?p=237844"},"modified":"2023-05-11T23:43:07","modified_gmt":"2023-05-12T04:43:07","slug":"pedro-castillo-dejo-mas-pobres-en-un-pais-rico-que-le-queda-al-peru-valganverdades","status":"publish","type":"post","link":"https:\/\/reddeportiva.net\/principal\/?p=237844","title":{"rendered":"Pedro Castillo dej\u00f3 m\u00e1s pobres en un pa\u00eds rico, \u00bfqu\u00e9 le queda al Per\u00fa?\u00a0#ValganVerdades"},"content":{"rendered":"\n<figure class=\"wp-block-embed is-type-video is-provider-youtube wp-block-embed-youtube wp-embed-aspect-16-9 wp-has-aspect-ratio\"><div class=\"wp-block-embed__wrapper\">\n<iframe loading=\"lazy\" title=\"Pedro Castillo dej\u00f3 m\u00e1s pobres en un pa\u00eds rico, \u00bfqu\u00e9 le queda al Per\u00fa? #ValganVerdades\" width=\"625\" height=\"352\" src=\"https:\/\/www.youtube.com\/embed\/32GVbs9jjY0?feature=oembed\" frameborder=\"0\" allow=\"accelerometer; autoplay; clipboard-write; encrypted-media; gyroscope; picture-in-picture; web-share\" referrerpolicy=\"strict-origin-when-cross-origin\" allowfullscreen><\/iframe>\n<\/div><\/figure>\n","protected":false},"excerpt":{"rendered":"","protected":false},"author":1,"featured_media":0,"comment_status":"closed","ping_status":"closed","sticky":false,"template":"","format":"standard","meta":{"_exactmetrics_skip_tracking":false,"_exactmetrics_sitenote_active":false,"_exactmetrics_sitenote_note":"","_exactmetrics_sitenote_category":0,"ngg_post_thumbnail":0,"footnotes":""},"categories":[1278,1262,1229,1397,1253,1290,1239,1272,1296,1247,1448,1303,1388,1380,1406,1376,1339,1402,1225,1190,1334,1307,1325,1202,1284,1401,1319,1378,1318,1330,1425,1405,1366,1249,1390,1429,1293,1223,1382,1311,1353,1404,1308,1349,273,584,659,603,1213,36,1346,1384,94,1266,1336,1302,1313,1447],"tags":[],"class_list":["post-237844","post","type-post","status-publish","format-standard","hentry","category-accion-politica-proyecciones","category-acuerdos","category-agricultura-produccion-proyecciones","category-autoritarismo","category-buenas-practicas","category-cadena-de-valor","category-cambio-social","category-competencia-leal","category-concertacion","category-contratos","category-corrupcion","category-crimen-organizado","category-debido-proceso","category-deficit-de-recursos","category-demagogia","category-democracia","category-denuncias","category-desplazados-americanos","category-empoderamiento-proyeccion","category-emprendimientos","category-equidad-personal","category-estado-de-derecho","category-excesos-del-poder","category-geopolitica-proyecciones","category-higiene-salud","category-hostilizacion","category-ideologizacion","category-industria-alimentaria","category-industrias-proyecciones","category-ingresos-personales","category-integracion-cultural","category-manipulacion","category-marginacion","category-mercadeo-justo","category-mercado-irregular","category-mineria-produccion-proyecciones","category-mundo-laboral","category-mundo-politico","category-normalizacion","category-orden-y-disciplina","category-organizacion-multilateralismo-proyecciones","category-poderes-mundiales","category-politizacion","category-primacia-de-la-realidad","category-proyecciones-refugiados","category-proyecciones-salud","category-proyecciones-seguridad","category-proyecciones-sostenible","category-proyecciones-tecnologicas","category-reddeportiva-net","category-represion","category-riesgos-y-vulnerabilidades","category-salud-mental","category-servicios-proyecciones","category-transporte","category-tratamiento-higiene-salud","category-turismo","category-vivienda"],"_links":{"self":[{"href":"https:\/\/reddeportiva.net\/principal\/index.php?rest_route=\/wp\/v2\/posts\/237844","targetHints":{"allow":["GET"]}}],"collection":[{"href":"https:\/\/reddeportiva.net\/principal\/index.php?rest_route=\/wp\/v2\/posts"}],"about":[{"href":"https:\/\/reddeportiva.net\/principal\/index.php?rest_route=\/wp\/v2\/types\/post"}],"author":[{"embeddable":true,"href":"https:\/\/reddeportiva.net\/principal\/index.php?rest_route=\/wp\/v2\/users\/1"}],"replies":[{"embeddable":true,"href":"https:\/\/reddeportiva.net\/principal\/index.php?rest_route=%2Fwp%2Fv2%2Fcomments&post=237844"}],"version-history":[{"count":1,"href":"https:\/\/reddeportiva.net\/principal\/index.php?rest_route=\/wp\/v2\/posts\/237844\/revisions"}],"predecessor-version":[{"id":237845,"href":"https:\/\/reddeportiva.net\/principal\/index.php?rest_route=\/wp\/v2\/posts\/237844\/revisions\/237845"}],"wp:attachment":[{"href":"https:\/\/reddeportiva.net\/principal\/index.php?rest_route=%2Fwp%2Fv2%2Fmedia&parent=237844"}],"wp:term":[{"taxonomy":"category","embeddable":true,"href":"https:\/\/reddeportiva.net\/principal\/index.php?rest_route=%2Fwp%2Fv2%2Fcategories&post=237844"},{"taxonomy":"post_tag","embeddable":true,"href":"https:\/\/reddeportiva.net\/principal\/index.php?rest_route=%2Fwp%2Fv2%2Ftags&post=237844"}],"curies":[{"name":"wp","href":"https:\/\/api.w.org\/{rel}","templated":true}]}}