{"id":237754,"date":"2023-05-07T16:00:31","date_gmt":"2023-05-07T21:00:31","guid":{"rendered":"https:\/\/reddeportiva.net\/principal\/?p=237754"},"modified":"2023-05-07T16:00:35","modified_gmt":"2023-05-07T21:00:35","slug":"se-aproxima-el-fenomeno-de-el-nino-y-varios-paises-sienten-las-consecuencias-france-24-espanol","status":"publish","type":"post","link":"https:\/\/reddeportiva.net\/principal\/?p=237754","title":{"rendered":"Se aproxima el fen\u00f3meno de El Ni\u00f1o y varios pa\u00edses sienten las consecuencias \u2022 FRANCE 24 Espa\u00f1ol"},"content":{"rendered":"\n<figure class=\"wp-block-embed is-type-video is-provider-youtube wp-block-embed-youtube wp-embed-aspect-16-9 wp-has-aspect-ratio\"><div class=\"wp-block-embed__wrapper\">\n<iframe loading=\"lazy\" title=\"Se aproxima el fen\u00f3meno de El Ni\u00f1o y varios pa\u00edses sienten las consecuencias\" width=\"625\" height=\"352\" src=\"https:\/\/www.youtube.com\/embed\/EFPgD6A7zHc?feature=oembed\" frameborder=\"0\" allow=\"accelerometer; autoplay; clipboard-write; encrypted-media; gyroscope; picture-in-picture; web-share\" referrerpolicy=\"strict-origin-when-cross-origin\" allowfullscreen><\/iframe>\n<\/div><\/figure>\n","protected":false},"excerpt":{"rendered":"","protected":false},"author":1,"featured_media":0,"comment_status":"closed","ping_status":"closed","sticky":false,"template":"","format":"standard","meta":{"_exactmetrics_skip_tracking":false,"_exactmetrics_sitenote_active":false,"_exactmetrics_sitenote_note":"","_exactmetrics_sitenote_category":0,"ngg_post_thumbnail":0,"footnotes":""},"categories":[1278,1407,1399,1254,1448,1303,1380,1339,1322,22,1261,1307,1325,1338,1241,1324,1284,1405,1366,1264,1323,1426,1387,1349,1218,584,36,1403,1384,94,1413,1227,1302,1228],"tags":[],"class_list":["post-237754","post","type-post","status-publish","format-standard","hentry","category-accion-politica-proyecciones","category-acuerdo-digital-proyeccion","category-biologia-proyeccion","category-cambio-climatico-ambiente","category-corrupcion","category-crimen-organizado","category-deficit-de-recursos","category-denuncias","category-desinformacion-mediatica","category-educacion-proyecciones","category-emergencias-ambiente","category-estado-de-derecho","category-excesos-del-poder","category-exclusion-mediatica","category-gobernanza","category-guerra-mediatica","category-higiene-salud","category-manipulacion","category-marginacion","category-mundo-natural","category-odio-mediatico","category-oms","category-plagas","category-primacia-de-la-realidad","category-proteccion-naturaleza-ambiente","category-proyecciones-salud","category-reddeportiva-net","category-reforma-servicios-publicos","category-riesgos-y-vulnerabilidades","category-salud-mental","category-soluciones-de-fondo","category-testeo-salud","category-tratamiento-higiene-salud","category-vacunas-salud"],"_links":{"self":[{"href":"https:\/\/reddeportiva.net\/principal\/index.php?rest_route=\/wp\/v2\/posts\/237754","targetHints":{"allow":["GET"]}}],"collection":[{"href":"https:\/\/reddeportiva.net\/principal\/index.php?rest_route=\/wp\/v2\/posts"}],"about":[{"href":"https:\/\/reddeportiva.net\/principal\/index.php?rest_route=\/wp\/v2\/types\/post"}],"author":[{"embeddable":true,"href":"https:\/\/reddeportiva.net\/principal\/index.php?rest_route=\/wp\/v2\/users\/1"}],"replies":[{"embeddable":true,"href":"https:\/\/reddeportiva.net\/principal\/index.php?rest_route=%2Fwp%2Fv2%2Fcomments&post=237754"}],"version-history":[{"count":1,"href":"https:\/\/reddeportiva.net\/principal\/index.php?rest_route=\/wp\/v2\/posts\/237754\/revisions"}],"predecessor-version":[{"id":237755,"href":"https:\/\/reddeportiva.net\/principal\/index.php?rest_route=\/wp\/v2\/posts\/237754\/revisions\/237755"}],"wp:attachment":[{"href":"https:\/\/reddeportiva.net\/principal\/index.php?rest_route=%2Fwp%2Fv2%2Fmedia&parent=237754"}],"wp:term":[{"taxonomy":"category","embeddable":true,"href":"https:\/\/reddeportiva.net\/principal\/index.php?rest_route=%2Fwp%2Fv2%2Fcategories&post=237754"},{"taxonomy":"post_tag","embeddable":true,"href":"https:\/\/reddeportiva.net\/principal\/index.php?rest_route=%2Fwp%2Fv2%2Ftags&post=237754"}],"curies":[{"name":"wp","href":"https:\/\/api.w.org\/{rel}","templated":true}]}}