{"id":236800,"date":"2023-04-15T17:07:51","date_gmt":"2023-04-15T22:07:51","guid":{"rendered":"https:\/\/reddeportiva.net\/principal\/?p=236800"},"modified":"2023-04-15T17:07:55","modified_gmt":"2023-04-15T22:07:55","slug":"peru-exportacion-de-fruta-ha-crecido-casi-1000-en-30-anos-senala-pedro-grados-smith","status":"publish","type":"post","link":"https:\/\/reddeportiva.net\/principal\/?p=236800","title":{"rendered":"Per\u00fa: \u00abExportaci\u00f3n de fruta ha crecido casi 1000% en 30 a\u00f1os\u00bb, se\u00f1ala Pedro Grados Smith"},"content":{"rendered":"\n<figure class=\"wp-block-embed is-type-video is-provider-youtube wp-block-embed-youtube wp-embed-aspect-16-9 wp-has-aspect-ratio\"><div class=\"wp-block-embed__wrapper\">\n<iframe loading=\"lazy\" title=\"Per\u00fa: &quot;Exportaci\u00f3n de fruta ha crecido casi 1000% en 30 a\u00f1os&quot;, se\u00f1ala Pedro Grados Smith\" width=\"625\" height=\"352\" src=\"https:\/\/www.youtube.com\/embed\/YCiMmPCpZyw?feature=oembed\" frameborder=\"0\" allow=\"accelerometer; autoplay; clipboard-write; encrypted-media; gyroscope; picture-in-picture; web-share\" referrerpolicy=\"strict-origin-when-cross-origin\" allowfullscreen><\/iframe>\n<\/div><\/figure>\n","protected":false},"excerpt":{"rendered":"","protected":false},"author":1,"featured_media":0,"comment_status":"closed","ping_status":"closed","sticky":false,"template":"","format":"standard","meta":{"_exactmetrics_skip_tracking":false,"_exactmetrics_sitenote_active":false,"_exactmetrics_sitenote_note":"","_exactmetrics_sitenote_category":0,"ngg_post_thumbnail":0,"footnotes":""},"categories":[1278,1229,1357,1399,1253,1290,1365,1272,1402,22,1271,1202,1417,1377,1358,1378,1425,76,1293,1223,1382,1311,1353,1404,1349,1350,1283,1218,36,1373,1356,1381,1355],"tags":[],"class_list":["post-236800","post","type-post","status-publish","format-standard","hentry","category-accion-politica-proyecciones","category-agricultura-produccion-proyecciones","category-alemania-proyecciones-multilateralismo","category-biologia-proyeccion","category-buenas-practicas","category-cadena-de-valor","category-china-organizacion-multilateralismo-proyecciones","category-competencia-leal","category-desplazados-americanos","category-educacion-proyecciones","category-excelencia","category-geopolitica-proyecciones","category-global-britain","category-india","category-indo-pacific","category-industria-alimentaria","category-integracion-cultural","category-mundo-innovacion","category-mundo-laboral","category-mundo-politico","category-normalizacion","category-orden-y-disciplina","category-organizacion-multilateralismo-proyecciones","category-poderes-mundiales","category-primacia-de-la-realidad","category-prioridades","category-productividad","category-proteccion-naturaleza-ambiente","category-reddeportiva-net","category-reforma-del-comercio","category-rusia-proyecciones-multilateralismo","category-seguridad-social","category-turquia"],"_links":{"self":[{"href":"https:\/\/reddeportiva.net\/principal\/index.php?rest_route=\/wp\/v2\/posts\/236800","targetHints":{"allow":["GET"]}}],"collection":[{"href":"https:\/\/reddeportiva.net\/principal\/index.php?rest_route=\/wp\/v2\/posts"}],"about":[{"href":"https:\/\/reddeportiva.net\/principal\/index.php?rest_route=\/wp\/v2\/types\/post"}],"author":[{"embeddable":true,"href":"https:\/\/reddeportiva.net\/principal\/index.php?rest_route=\/wp\/v2\/users\/1"}],"replies":[{"embeddable":true,"href":"https:\/\/reddeportiva.net\/principal\/index.php?rest_route=%2Fwp%2Fv2%2Fcomments&post=236800"}],"version-history":[{"count":1,"href":"https:\/\/reddeportiva.net\/principal\/index.php?rest_route=\/wp\/v2\/posts\/236800\/revisions"}],"predecessor-version":[{"id":236801,"href":"https:\/\/reddeportiva.net\/principal\/index.php?rest_route=\/wp\/v2\/posts\/236800\/revisions\/236801"}],"wp:attachment":[{"href":"https:\/\/reddeportiva.net\/principal\/index.php?rest_route=%2Fwp%2Fv2%2Fmedia&parent=236800"}],"wp:term":[{"taxonomy":"category","embeddable":true,"href":"https:\/\/reddeportiva.net\/principal\/index.php?rest_route=%2Fwp%2Fv2%2Fcategories&post=236800"},{"taxonomy":"post_tag","embeddable":true,"href":"https:\/\/reddeportiva.net\/principal\/index.php?rest_route=%2Fwp%2Fv2%2Ftags&post=236800"}],"curies":[{"name":"wp","href":"https:\/\/api.w.org\/{rel}","templated":true}]}}