{"id":236702,"date":"2023-04-13T16:52:52","date_gmt":"2023-04-13T21:52:52","guid":{"rendered":"https:\/\/reddeportiva.net\/principal\/?p=236702"},"modified":"2023-04-13T16:52:56","modified_gmt":"2023-04-13T21:52:56","slug":"alberto-otarola-sobre-reunion-gore-piura-piura-requiere-una-vision-estrategica","status":"publish","type":"post","link":"https:\/\/reddeportiva.net\/principal\/?p=236702","title":{"rendered":"Alberto Ot\u00e1rola sobre reuni\u00f3n GORE PIURA: \u00abPiura requiere una visi\u00f3n estrat\u00e9gica\u00bb"},"content":{"rendered":"\n<figure class=\"wp-block-embed is-type-video is-provider-youtube wp-block-embed-youtube wp-embed-aspect-16-9 wp-has-aspect-ratio\"><div class=\"wp-block-embed__wrapper\">\n<iframe loading=\"lazy\" title=\"Alberto Ot\u00e1rola sobre reuni\u00f3n GORE PIURA: &quot;Piura requiere una visi\u00f3n estrat\u00e9gica&quot;\" width=\"625\" height=\"352\" src=\"https:\/\/www.youtube.com\/embed\/2C6hK7CQXp0?feature=oembed\" frameborder=\"0\" allow=\"accelerometer; autoplay; clipboard-write; encrypted-media; gyroscope; picture-in-picture; web-share\" referrerpolicy=\"strict-origin-when-cross-origin\" allowfullscreen><\/iframe>\n<\/div><\/figure>\n","protected":false},"excerpt":{"rendered":"","protected":false},"author":1,"featured_media":0,"comment_status":"closed","ping_status":"closed","sticky":false,"template":"","format":"standard","meta":{"_exactmetrics_skip_tracking":false,"_exactmetrics_sitenote_active":false,"_exactmetrics_sitenote_note":"","_exactmetrics_sitenote_category":0,"ngg_post_thumbnail":0,"footnotes":""},"categories":[1431,1253,1290,1317,1326,1269,1430,1243,1286,1237,1268,1223,1279,1441,1349,1442,36,1344,1316,1413],"tags":[],"class_list":["post-236702","post","type-post","status-publish","format-standard","hentry","category-arquitectura","category-buenas-practicas","category-cadena-de-valor","category-colonizaciones","category-desarrollo","category-gestion-proyecciones","category-ingenieria","category-institucionalidad","category-integridad","category-libertades","category-liderazgos-proyecciones","category-mundo-politico","category-personales-proyecciones","category-planeamiento","category-primacia-de-la-realidad","category-proyectos-y-procesos","category-reddeportiva-net","category-reorganizaciones","category-soluciones-comunitarias","category-soluciones-de-fondo"],"_links":{"self":[{"href":"https:\/\/reddeportiva.net\/principal\/index.php?rest_route=\/wp\/v2\/posts\/236702","targetHints":{"allow":["GET"]}}],"collection":[{"href":"https:\/\/reddeportiva.net\/principal\/index.php?rest_route=\/wp\/v2\/posts"}],"about":[{"href":"https:\/\/reddeportiva.net\/principal\/index.php?rest_route=\/wp\/v2\/types\/post"}],"author":[{"embeddable":true,"href":"https:\/\/reddeportiva.net\/principal\/index.php?rest_route=\/wp\/v2\/users\/1"}],"replies":[{"embeddable":true,"href":"https:\/\/reddeportiva.net\/principal\/index.php?rest_route=%2Fwp%2Fv2%2Fcomments&post=236702"}],"version-history":[{"count":1,"href":"https:\/\/reddeportiva.net\/principal\/index.php?rest_route=\/wp\/v2\/posts\/236702\/revisions"}],"predecessor-version":[{"id":236703,"href":"https:\/\/reddeportiva.net\/principal\/index.php?rest_route=\/wp\/v2\/posts\/236702\/revisions\/236703"}],"wp:attachment":[{"href":"https:\/\/reddeportiva.net\/principal\/index.php?rest_route=%2Fwp%2Fv2%2Fmedia&parent=236702"}],"wp:term":[{"taxonomy":"category","embeddable":true,"href":"https:\/\/reddeportiva.net\/principal\/index.php?rest_route=%2Fwp%2Fv2%2Fcategories&post=236702"},{"taxonomy":"post_tag","embeddable":true,"href":"https:\/\/reddeportiva.net\/principal\/index.php?rest_route=%2Fwp%2Fv2%2Ftags&post=236702"}],"curies":[{"name":"wp","href":"https:\/\/api.w.org\/{rel}","templated":true}]}}