{"id":236450,"date":"2023-04-06T12:15:58","date_gmt":"2023-04-06T17:15:58","guid":{"rendered":"https:\/\/reddeportiva.net\/principal\/?p=236450"},"modified":"2023-04-06T12:16:01","modified_gmt":"2023-04-06T17:16:01","slug":"el-fmi-alerta-de-que-las-tensiones-geopoliticas-podrian-reducir-la-produccion-mundial-un-2","status":"publish","type":"post","link":"https:\/\/reddeportiva.net\/principal\/?p=236450","title":{"rendered":"El FMI alerta de que las tensiones geopol\u00edticas podr\u00edan reducir la producci\u00f3n mundial un 2%"},"content":{"rendered":"\n<figure class=\"wp-block-embed is-type-video is-provider-youtube wp-block-embed-youtube wp-embed-aspect-16-9 wp-has-aspect-ratio\"><div class=\"wp-block-embed__wrapper\">\n<iframe loading=\"lazy\" title=\"El FMI alerta de que las tensiones geopol\u00edticas podr\u00edan reducir la producci\u00f3n mundial un 2%\" width=\"625\" height=\"352\" src=\"https:\/\/www.youtube.com\/embed\/5LIF0gLdOe4?feature=oembed\" frameborder=\"0\" allow=\"accelerometer; autoplay; clipboard-write; encrypted-media; gyroscope; picture-in-picture; web-share\" referrerpolicy=\"strict-origin-when-cross-origin\" allowfullscreen><\/iframe>\n<\/div><\/figure>\n","protected":false},"excerpt":{"rendered":"","protected":false},"author":1,"featured_media":0,"comment_status":"closed","ping_status":"closed","sticky":false,"template":"","format":"standard","meta":{"_exactmetrics_skip_tracking":false,"_exactmetrics_sitenote_active":false,"_exactmetrics_sitenote_note":"","_exactmetrics_sitenote_category":0,"ngg_post_thumbnail":0,"footnotes":""},"categories":[1357,1365,1423,1202,1417,1377,1358,1293,1223,1367,1291,1353,1404,1349,779,36,1356,1355],"tags":[],"class_list":["post-236450","post","type-post","status-publish","format-standard","hentry","category-alemania-proyecciones-multilateralismo","category-china-organizacion-multilateralismo-proyecciones","category-fmi","category-geopolitica-proyecciones","category-global-britain","category-india","category-indo-pacific","category-mundo-laboral","category-mundo-politico","category-omc","category-organizacion-internacional-proyecciones","category-organizacion-multilateralismo-proyecciones","category-poderes-mundiales","category-primacia-de-la-realidad","category-proyecciones","category-reddeportiva-net","category-rusia-proyecciones-multilateralismo","category-turquia"],"_links":{"self":[{"href":"https:\/\/reddeportiva.net\/principal\/index.php?rest_route=\/wp\/v2\/posts\/236450","targetHints":{"allow":["GET"]}}],"collection":[{"href":"https:\/\/reddeportiva.net\/principal\/index.php?rest_route=\/wp\/v2\/posts"}],"about":[{"href":"https:\/\/reddeportiva.net\/principal\/index.php?rest_route=\/wp\/v2\/types\/post"}],"author":[{"embeddable":true,"href":"https:\/\/reddeportiva.net\/principal\/index.php?rest_route=\/wp\/v2\/users\/1"}],"replies":[{"embeddable":true,"href":"https:\/\/reddeportiva.net\/principal\/index.php?rest_route=%2Fwp%2Fv2%2Fcomments&post=236450"}],"version-history":[{"count":1,"href":"https:\/\/reddeportiva.net\/principal\/index.php?rest_route=\/wp\/v2\/posts\/236450\/revisions"}],"predecessor-version":[{"id":236451,"href":"https:\/\/reddeportiva.net\/principal\/index.php?rest_route=\/wp\/v2\/posts\/236450\/revisions\/236451"}],"wp:attachment":[{"href":"https:\/\/reddeportiva.net\/principal\/index.php?rest_route=%2Fwp%2Fv2%2Fmedia&parent=236450"}],"wp:term":[{"taxonomy":"category","embeddable":true,"href":"https:\/\/reddeportiva.net\/principal\/index.php?rest_route=%2Fwp%2Fv2%2Fcategories&post=236450"},{"taxonomy":"post_tag","embeddable":true,"href":"https:\/\/reddeportiva.net\/principal\/index.php?rest_route=%2Fwp%2Fv2%2Ftags&post=236450"}],"curies":[{"name":"wp","href":"https:\/\/api.w.org\/{rel}","templated":true}]}}