{"id":236391,"date":"2023-04-05T19:12:41","date_gmt":"2023-04-06T00:12:41","guid":{"rendered":"https:\/\/reddeportiva.net\/principal\/?p=236391"},"modified":"2023-04-05T19:12:43","modified_gmt":"2023-04-06T00:12:43","slug":"otarola-rechazo-a-admision-de-mocion-de-vacancia-inaugura-nueva-etapa-de-tranquilidad-politica","status":"publish","type":"post","link":"https:\/\/reddeportiva.net\/principal\/?p=236391","title":{"rendered":"Ot\u00e1rola: Rechazo a admisi\u00f3n de moci\u00f3n de vacancia \u00abinaugura nueva etapa de tranquilidad pol\u00edtica\u00bb"},"content":{"rendered":"\n<figure class=\"wp-block-embed is-type-video is-provider-youtube wp-block-embed-youtube wp-embed-aspect-16-9 wp-has-aspect-ratio\"><div class=\"wp-block-embed__wrapper\">\n<iframe loading=\"lazy\" title=\"Ot\u00e1rola: Rechazo a admisi\u00f3n de moci\u00f3n de vacancia &quot;inaugura nueva etapa de tranquilidad pol\u00edtica&quot;\" width=\"625\" height=\"352\" src=\"https:\/\/www.youtube.com\/embed\/Pn9xvr1f-SE?feature=oembed\" frameborder=\"0\" allow=\"accelerometer; autoplay; clipboard-write; encrypted-media; gyroscope; picture-in-picture; web-share\" referrerpolicy=\"strict-origin-when-cross-origin\" allowfullscreen><\/iframe>\n<\/div><\/figure>\n","protected":false},"excerpt":{"rendered":"","protected":false},"author":1,"featured_media":0,"comment_status":"closed","ping_status":"closed","sticky":false,"template":"","format":"standard","meta":{"_exactmetrics_skip_tracking":false,"_exactmetrics_sitenote_active":false,"_exactmetrics_sitenote_note":"","_exactmetrics_sitenote_category":0,"ngg_post_thumbnail":0,"footnotes":""},"categories":[1349,36],"tags":[],"class_list":["post-236391","post","type-post","status-publish","format-standard","hentry","category-primacia-de-la-realidad","category-reddeportiva-net"],"_links":{"self":[{"href":"https:\/\/reddeportiva.net\/principal\/index.php?rest_route=\/wp\/v2\/posts\/236391","targetHints":{"allow":["GET"]}}],"collection":[{"href":"https:\/\/reddeportiva.net\/principal\/index.php?rest_route=\/wp\/v2\/posts"}],"about":[{"href":"https:\/\/reddeportiva.net\/principal\/index.php?rest_route=\/wp\/v2\/types\/post"}],"author":[{"embeddable":true,"href":"https:\/\/reddeportiva.net\/principal\/index.php?rest_route=\/wp\/v2\/users\/1"}],"replies":[{"embeddable":true,"href":"https:\/\/reddeportiva.net\/principal\/index.php?rest_route=%2Fwp%2Fv2%2Fcomments&post=236391"}],"version-history":[{"count":1,"href":"https:\/\/reddeportiva.net\/principal\/index.php?rest_route=\/wp\/v2\/posts\/236391\/revisions"}],"predecessor-version":[{"id":236392,"href":"https:\/\/reddeportiva.net\/principal\/index.php?rest_route=\/wp\/v2\/posts\/236391\/revisions\/236392"}],"wp:attachment":[{"href":"https:\/\/reddeportiva.net\/principal\/index.php?rest_route=%2Fwp%2Fv2%2Fmedia&parent=236391"}],"wp:term":[{"taxonomy":"category","embeddable":true,"href":"https:\/\/reddeportiva.net\/principal\/index.php?rest_route=%2Fwp%2Fv2%2Fcategories&post=236391"},{"taxonomy":"post_tag","embeddable":true,"href":"https:\/\/reddeportiva.net\/principal\/index.php?rest_route=%2Fwp%2Fv2%2Ftags&post=236391"}],"curies":[{"name":"wp","href":"https:\/\/api.w.org\/{rel}","templated":true}]}}