{"id":235852,"date":"2023-03-24T07:52:17","date_gmt":"2023-03-24T12:52:17","guid":{"rendered":"https:\/\/reddeportiva.net\/principal\/?p=235852"},"modified":"2023-03-24T07:52:20","modified_gmt":"2023-03-24T12:52:20","slug":"pedro-castillo-habia-entregado-el-ministerio-de-interior-a-el-espanol-senala-oscar-quispe","status":"publish","type":"post","link":"https:\/\/reddeportiva.net\/principal\/?p=235852","title":{"rendered":"\u00abPedro Castillo hab\u00eda entregado el Ministerio de Interior a &#8216;El Espa\u00f1ol'\u00bb, se\u00f1ala \u00d3scar Quispe"},"content":{"rendered":"\n<figure class=\"wp-block-embed is-type-video is-provider-youtube wp-block-embed-youtube wp-embed-aspect-16-9 wp-has-aspect-ratio\"><div class=\"wp-block-embed__wrapper\">\n<iframe loading=\"lazy\" title=\"&quot;Pedro Castillo hab\u00eda entregado el Ministerio de Interior a &#039;El Espa\u00f1ol&#039;&quot;, se\u00f1ala \u00d3scar Quispe\" width=\"625\" height=\"352\" src=\"https:\/\/www.youtube.com\/embed\/BSV6GCtyAdM?feature=oembed\" frameborder=\"0\" allow=\"accelerometer; autoplay; clipboard-write; encrypted-media; gyroscope; picture-in-picture; web-share\" referrerpolicy=\"strict-origin-when-cross-origin\" allowfullscreen><\/iframe>\n<\/div><\/figure>\n","protected":false},"excerpt":{"rendered":"","protected":false},"author":1,"featured_media":0,"comment_status":"closed","ping_status":"closed","sticky":false,"template":"","format":"standard","meta":{"_exactmetrics_skip_tracking":false,"_exactmetrics_sitenote_active":false,"_exactmetrics_sitenote_note":"","_exactmetrics_sitenote_category":0,"ngg_post_thumbnail":0,"footnotes":""},"categories":[1349,36],"tags":[],"class_list":["post-235852","post","type-post","status-publish","format-standard","hentry","category-primacia-de-la-realidad","category-reddeportiva-net"],"_links":{"self":[{"href":"https:\/\/reddeportiva.net\/principal\/index.php?rest_route=\/wp\/v2\/posts\/235852","targetHints":{"allow":["GET"]}}],"collection":[{"href":"https:\/\/reddeportiva.net\/principal\/index.php?rest_route=\/wp\/v2\/posts"}],"about":[{"href":"https:\/\/reddeportiva.net\/principal\/index.php?rest_route=\/wp\/v2\/types\/post"}],"author":[{"embeddable":true,"href":"https:\/\/reddeportiva.net\/principal\/index.php?rest_route=\/wp\/v2\/users\/1"}],"replies":[{"embeddable":true,"href":"https:\/\/reddeportiva.net\/principal\/index.php?rest_route=%2Fwp%2Fv2%2Fcomments&post=235852"}],"version-history":[{"count":1,"href":"https:\/\/reddeportiva.net\/principal\/index.php?rest_route=\/wp\/v2\/posts\/235852\/revisions"}],"predecessor-version":[{"id":235853,"href":"https:\/\/reddeportiva.net\/principal\/index.php?rest_route=\/wp\/v2\/posts\/235852\/revisions\/235853"}],"wp:attachment":[{"href":"https:\/\/reddeportiva.net\/principal\/index.php?rest_route=%2Fwp%2Fv2%2Fmedia&parent=235852"}],"wp:term":[{"taxonomy":"category","embeddable":true,"href":"https:\/\/reddeportiva.net\/principal\/index.php?rest_route=%2Fwp%2Fv2%2Fcategories&post=235852"},{"taxonomy":"post_tag","embeddable":true,"href":"https:\/\/reddeportiva.net\/principal\/index.php?rest_route=%2Fwp%2Fv2%2Ftags&post=235852"}],"curies":[{"name":"wp","href":"https:\/\/api.w.org\/{rel}","templated":true}]}}