{"id":235744,"date":"2023-03-21T12:56:32","date_gmt":"2023-03-21T17:56:32","guid":{"rendered":"https:\/\/reddeportiva.net\/principal\/?p=235744"},"modified":"2023-03-21T13:19:55","modified_gmt":"2023-03-21T18:19:55","slug":"santivanez-sobre-raul-alfaro-la-pdta-ha-tomado-la-decision-acertada-de-removerlo-de-su-cargo","status":"publish","type":"post","link":"https:\/\/reddeportiva.net\/principal\/?p=235744","title":{"rendered":"Santiv\u00e1\u00f1ez sobre Ra\u00fal Alfaro: \u201cLa pdta. ha tomado la decisi\u00f3n acertada de removerlo de su cargo\u201d"},"content":{"rendered":"\n<figure class=\"wp-block-embed is-type-video is-provider-youtube wp-block-embed-youtube wp-embed-aspect-16-9 wp-has-aspect-ratio\"><div class=\"wp-block-embed__wrapper\">\n<iframe loading=\"lazy\" title=\"Santiv\u00e1\u00f1ez sobre Ra\u00fal Alfaro: \u201cLa pdta. ha tomado la decisi\u00f3n acertada de removerlo de su cargo\u201d\" width=\"625\" height=\"352\" src=\"https:\/\/www.youtube.com\/embed\/TfkmRWBqFM8?feature=oembed\" frameborder=\"0\" allow=\"accelerometer; autoplay; clipboard-write; encrypted-media; gyroscope; picture-in-picture; web-share\" referrerpolicy=\"strict-origin-when-cross-origin\" allowfullscreen><\/iframe>\n<\/div><\/figure>\n","protected":false},"excerpt":{"rendered":"","protected":false},"author":1,"featured_media":0,"comment_status":"closed","ping_status":"closed","sticky":false,"template":"","format":"standard","meta":{"_exactmetrics_skip_tracking":false,"_exactmetrics_sitenote_active":false,"_exactmetrics_sitenote_note":"","_exactmetrics_sitenote_category":0,"ngg_post_thumbnail":0,"footnotes":""},"categories":[1278,1397,1448,1303,1376,1339,1322,1307,1325,1309,1401,1319,1243,1286,1405,1366,1223,1382,1404,1308,1349,659,1392,36,1346,1328],"tags":[],"class_list":["post-235744","post","type-post","status-publish","format-standard","hentry","category-accion-politica-proyecciones","category-autoritarismo","category-corrupcion","category-crimen-organizado","category-democracia","category-denuncias","category-desinformacion-mediatica","category-estado-de-derecho","category-excesos-del-poder","category-faltas-y-delitos","category-hostilizacion","category-ideologizacion","category-institucionalidad","category-integridad","category-manipulacion","category-marginacion","category-mundo-politico","category-normalizacion","category-poderes-mundiales","category-politizacion","category-primacia-de-la-realidad","category-proyecciones-seguridad","category-rectificacion","category-reddeportiva-net","category-represion","category-tutelaje"],"_links":{"self":[{"href":"https:\/\/reddeportiva.net\/principal\/index.php?rest_route=\/wp\/v2\/posts\/235744","targetHints":{"allow":["GET"]}}],"collection":[{"href":"https:\/\/reddeportiva.net\/principal\/index.php?rest_route=\/wp\/v2\/posts"}],"about":[{"href":"https:\/\/reddeportiva.net\/principal\/index.php?rest_route=\/wp\/v2\/types\/post"}],"author":[{"embeddable":true,"href":"https:\/\/reddeportiva.net\/principal\/index.php?rest_route=\/wp\/v2\/users\/1"}],"replies":[{"embeddable":true,"href":"https:\/\/reddeportiva.net\/principal\/index.php?rest_route=%2Fwp%2Fv2%2Fcomments&post=235744"}],"version-history":[{"count":1,"href":"https:\/\/reddeportiva.net\/principal\/index.php?rest_route=\/wp\/v2\/posts\/235744\/revisions"}],"predecessor-version":[{"id":235745,"href":"https:\/\/reddeportiva.net\/principal\/index.php?rest_route=\/wp\/v2\/posts\/235744\/revisions\/235745"}],"wp:attachment":[{"href":"https:\/\/reddeportiva.net\/principal\/index.php?rest_route=%2Fwp%2Fv2%2Fmedia&parent=235744"}],"wp:term":[{"taxonomy":"category","embeddable":true,"href":"https:\/\/reddeportiva.net\/principal\/index.php?rest_route=%2Fwp%2Fv2%2Fcategories&post=235744"},{"taxonomy":"post_tag","embeddable":true,"href":"https:\/\/reddeportiva.net\/principal\/index.php?rest_route=%2Fwp%2Fv2%2Ftags&post=235744"}],"curies":[{"name":"wp","href":"https:\/\/api.w.org\/{rel}","templated":true}]}}