{"id":235675,"date":"2023-03-19T17:44:05","date_gmt":"2023-03-19T22:44:05","guid":{"rendered":"https:\/\/reddeportiva.net\/principal\/?p=235675"},"modified":"2023-03-19T17:44:08","modified_gmt":"2023-03-19T22:44:08","slug":"ministra-de-agricultura-el-seguro-catastrofico-es-una-indemnizacion-que-recibira-el-agricultor","status":"publish","type":"post","link":"https:\/\/reddeportiva.net\/principal\/?p=235675","title":{"rendered":"Ministra de agricultura: \u201cEl seguro catastr\u00f3fico es una indemnizaci\u00f3n que recibir\u00e1 el agricultor\u201d"},"content":{"rendered":"\n<figure class=\"wp-block-embed is-type-video is-provider-youtube wp-block-embed-youtube wp-embed-aspect-16-9 wp-has-aspect-ratio\"><div class=\"wp-block-embed__wrapper\">\n<iframe loading=\"lazy\" title=\"Ministra de agricultura: \u201cEl seguro catastr\u00f3fico es una indemnizaci\u00f3n que recibir\u00e1 el agricultor\u201d\" width=\"625\" height=\"352\" src=\"https:\/\/www.youtube.com\/embed\/uB32EZz9ITA?feature=oembed\" frameborder=\"0\" allow=\"accelerometer; autoplay; clipboard-write; encrypted-media; gyroscope; picture-in-picture; web-share\" referrerpolicy=\"strict-origin-when-cross-origin\" allowfullscreen><\/iframe>\n<\/div><\/figure>\n","protected":false},"excerpt":{"rendered":"","protected":false},"author":1,"featured_media":0,"comment_status":"closed","ping_status":"closed","sticky":false,"template":"","format":"standard","meta":{"_exactmetrics_skip_tracking":false,"_exactmetrics_sitenote_active":false,"_exactmetrics_sitenote_note":"","_exactmetrics_sitenote_category":0,"ngg_post_thumbnail":0,"footnotes":""},"categories":[1278,1229,1230,1254,1276,1395,1275,1317,1326,1261,1256,1248,1269,1268,1441,1349,659,603,1442,36,1403,1316],"tags":[],"class_list":["post-235675","post","type-post","status-publish","format-standard","hentry","category-accion-politica-proyecciones","category-agricultura-produccion-proyecciones","category-banca-produccion-proyecciones","category-cambio-climatico-ambiente","category-certificaciones-finanzas","category-cierre-de-brechas-proyecciones","category-civismo-proyecciones","category-colonizaciones","category-desarrollo","category-emergencias-ambiente","category-fondos-finanzas","category-futuros-finanzas","category-gestion-proyecciones","category-liderazgos-proyecciones","category-planeamiento","category-primacia-de-la-realidad","category-proyecciones-seguridad","category-proyecciones-sostenible","category-proyectos-y-procesos","category-reddeportiva-net","category-reforma-servicios-publicos","category-soluciones-comunitarias"],"_links":{"self":[{"href":"https:\/\/reddeportiva.net\/principal\/index.php?rest_route=\/wp\/v2\/posts\/235675","targetHints":{"allow":["GET"]}}],"collection":[{"href":"https:\/\/reddeportiva.net\/principal\/index.php?rest_route=\/wp\/v2\/posts"}],"about":[{"href":"https:\/\/reddeportiva.net\/principal\/index.php?rest_route=\/wp\/v2\/types\/post"}],"author":[{"embeddable":true,"href":"https:\/\/reddeportiva.net\/principal\/index.php?rest_route=\/wp\/v2\/users\/1"}],"replies":[{"embeddable":true,"href":"https:\/\/reddeportiva.net\/principal\/index.php?rest_route=%2Fwp%2Fv2%2Fcomments&post=235675"}],"version-history":[{"count":1,"href":"https:\/\/reddeportiva.net\/principal\/index.php?rest_route=\/wp\/v2\/posts\/235675\/revisions"}],"predecessor-version":[{"id":235676,"href":"https:\/\/reddeportiva.net\/principal\/index.php?rest_route=\/wp\/v2\/posts\/235675\/revisions\/235676"}],"wp:attachment":[{"href":"https:\/\/reddeportiva.net\/principal\/index.php?rest_route=%2Fwp%2Fv2%2Fmedia&parent=235675"}],"wp:term":[{"taxonomy":"category","embeddable":true,"href":"https:\/\/reddeportiva.net\/principal\/index.php?rest_route=%2Fwp%2Fv2%2Fcategories&post=235675"},{"taxonomy":"post_tag","embeddable":true,"href":"https:\/\/reddeportiva.net\/principal\/index.php?rest_route=%2Fwp%2Fv2%2Ftags&post=235675"}],"curies":[{"name":"wp","href":"https:\/\/api.w.org\/{rel}","templated":true}]}}