{"id":235638,"date":"2023-03-18T11:59:56","date_gmt":"2023-03-18T16:59:56","guid":{"rendered":"https:\/\/reddeportiva.net\/principal\/?p=235638"},"modified":"2023-03-18T12:03:13","modified_gmt":"2023-03-18T17:03:13","slug":"wilber-medina-dice-que-toledo-creo-el-sistema-para-robar-al-estado-a-traves-de-consultorias","status":"publish","type":"post","link":"https:\/\/reddeportiva.net\/principal\/?p=235638","title":{"rendered":"<a href=\"https:\/\/canalb.pe\/noticias\/baellatalks\/wilber-medina-dice-que-toledo-creo-el-sistema-para-robar-al-estado-a-traves-de-consultorias\">Wilber Medina dice que Toledo cre\u00f3 el sistema para robar al Estado a trav\u00e9s de consultor\u00edas<\/a>"},"content":{"rendered":"\n<p><a href=\"https:\/\/canalb.pe\/noticias\/baellatalks\/wilber-medina-dice-que-toledo-creo-el-sistema-para-robar-al-estado-a-traves-de-consultorias\">https:\/\/canalb.pe\/noticias\/baellatalks\/wilber-medina-dice-que-toledo-creo-el-sistema-para-robar-al-estado-a-traves-de-consultorias<\/a><\/p>\n\n\n\n<p>Baella Talks &#8211; Invitado: Wilmer Medina &#8211; 16\/03\/2023<\/p>\n\n\n\n<p><a href=\"https:\/\/canalb.pe\/watch\/baellatalks\/invitado-wilber-medina-16323\">https:\/\/canalb.pe\/watch\/baellatalks\/invitado-wilber-medina-16323<\/a><\/p>\n","protected":false},"excerpt":{"rendered":"<p>https:\/\/canalb.pe\/noticias\/baellatalks\/wilber-medina-dice-que-toledo-creo-el-sistema-para-robar-al-estado-a-traves-de-consultorias Baella Talks &#8211; Invitado: Wilmer Medina &#8211; 16\/03\/2023 https:\/\/canalb.pe\/watch\/baellatalks\/invitado-wilber-medina-16323<\/p>\n","protected":false},"author":1,"featured_media":0,"comment_status":"closed","ping_status":"closed","sticky":false,"template":"","format":"standard","meta":{"_exactmetrics_skip_tracking":false,"_exactmetrics_sitenote_active":false,"_exactmetrics_sitenote_note":"","_exactmetrics_sitenote_category":0,"ngg_post_thumbnail":0,"footnotes":""},"categories":[1349,36],"tags":[],"class_list":["post-235638","post","type-post","status-publish","format-standard","hentry","category-primacia-de-la-realidad","category-reddeportiva-net"],"_links":{"self":[{"href":"https:\/\/reddeportiva.net\/principal\/index.php?rest_route=\/wp\/v2\/posts\/235638","targetHints":{"allow":["GET"]}}],"collection":[{"href":"https:\/\/reddeportiva.net\/principal\/index.php?rest_route=\/wp\/v2\/posts"}],"about":[{"href":"https:\/\/reddeportiva.net\/principal\/index.php?rest_route=\/wp\/v2\/types\/post"}],"author":[{"embeddable":true,"href":"https:\/\/reddeportiva.net\/principal\/index.php?rest_route=\/wp\/v2\/users\/1"}],"replies":[{"embeddable":true,"href":"https:\/\/reddeportiva.net\/principal\/index.php?rest_route=%2Fwp%2Fv2%2Fcomments&post=235638"}],"version-history":[{"count":1,"href":"https:\/\/reddeportiva.net\/principal\/index.php?rest_route=\/wp\/v2\/posts\/235638\/revisions"}],"predecessor-version":[{"id":235639,"href":"https:\/\/reddeportiva.net\/principal\/index.php?rest_route=\/wp\/v2\/posts\/235638\/revisions\/235639"}],"wp:attachment":[{"href":"https:\/\/reddeportiva.net\/principal\/index.php?rest_route=%2Fwp%2Fv2%2Fmedia&parent=235638"}],"wp:term":[{"taxonomy":"category","embeddable":true,"href":"https:\/\/reddeportiva.net\/principal\/index.php?rest_route=%2Fwp%2Fv2%2Fcategories&post=235638"},{"taxonomy":"post_tag","embeddable":true,"href":"https:\/\/reddeportiva.net\/principal\/index.php?rest_route=%2Fwp%2Fv2%2Ftags&post=235638"}],"curies":[{"name":"wp","href":"https:\/\/api.w.org\/{rel}","templated":true}]}}