{"id":235582,"date":"2023-03-14T20:43:26","date_gmt":"2023-03-15T01:43:26","guid":{"rendered":"https:\/\/reddeportiva.net\/principal\/?p=235582"},"modified":"2023-03-14T20:43:29","modified_gmt":"2023-03-15T01:43:29","slug":"autoridad-nacional-de-la-infraestructura-preparara-al-peru-para-afrontar-fenomenos-naturales","status":"publish","type":"post","link":"https:\/\/reddeportiva.net\/principal\/?p=235582","title":{"rendered":"Autoridad Nacional de la Infraestructura \u00abpreparar\u00e1 al Per\u00fa para afrontar fen\u00f3menos naturales\u00bb"},"content":{"rendered":"\n<figure class=\"wp-block-embed is-type-video is-provider-youtube wp-block-embed-youtube wp-embed-aspect-16-9 wp-has-aspect-ratio\"><div class=\"wp-block-embed__wrapper\">\n<iframe loading=\"lazy\" title=\"Autoridad Nacional de la Infraestructura &quot;preparar\u00e1 al Per\u00fa para afrontar fen\u00f3menos naturales&quot;\" width=\"625\" height=\"352\" src=\"https:\/\/www.youtube.com\/embed\/iqDn7Hp_0B8?feature=oembed\" frameborder=\"0\" allow=\"accelerometer; autoplay; clipboard-write; encrypted-media; gyroscope; picture-in-picture; web-share\" referrerpolicy=\"strict-origin-when-cross-origin\" allowfullscreen><\/iframe>\n<\/div><\/figure>\n","protected":false},"excerpt":{"rendered":"","protected":false},"author":1,"featured_media":0,"comment_status":"closed","ping_status":"closed","sticky":false,"template":"","format":"standard","meta":{"_exactmetrics_skip_tracking":false,"_exactmetrics_sitenote_active":false,"_exactmetrics_sitenote_note":"","_exactmetrics_sitenote_category":0,"ngg_post_thumbnail":0,"footnotes":""},"categories":[1278,1223,1349,1392,36,1344],"tags":[],"class_list":["post-235582","post","type-post","status-publish","format-standard","hentry","category-accion-politica-proyecciones","category-mundo-politico","category-primacia-de-la-realidad","category-rectificacion","category-reddeportiva-net","category-reorganizaciones"],"_links":{"self":[{"href":"https:\/\/reddeportiva.net\/principal\/index.php?rest_route=\/wp\/v2\/posts\/235582","targetHints":{"allow":["GET"]}}],"collection":[{"href":"https:\/\/reddeportiva.net\/principal\/index.php?rest_route=\/wp\/v2\/posts"}],"about":[{"href":"https:\/\/reddeportiva.net\/principal\/index.php?rest_route=\/wp\/v2\/types\/post"}],"author":[{"embeddable":true,"href":"https:\/\/reddeportiva.net\/principal\/index.php?rest_route=\/wp\/v2\/users\/1"}],"replies":[{"embeddable":true,"href":"https:\/\/reddeportiva.net\/principal\/index.php?rest_route=%2Fwp%2Fv2%2Fcomments&post=235582"}],"version-history":[{"count":1,"href":"https:\/\/reddeportiva.net\/principal\/index.php?rest_route=\/wp\/v2\/posts\/235582\/revisions"}],"predecessor-version":[{"id":235583,"href":"https:\/\/reddeportiva.net\/principal\/index.php?rest_route=\/wp\/v2\/posts\/235582\/revisions\/235583"}],"wp:attachment":[{"href":"https:\/\/reddeportiva.net\/principal\/index.php?rest_route=%2Fwp%2Fv2%2Fmedia&parent=235582"}],"wp:term":[{"taxonomy":"category","embeddable":true,"href":"https:\/\/reddeportiva.net\/principal\/index.php?rest_route=%2Fwp%2Fv2%2Fcategories&post=235582"},{"taxonomy":"post_tag","embeddable":true,"href":"https:\/\/reddeportiva.net\/principal\/index.php?rest_route=%2Fwp%2Fv2%2Ftags&post=235582"}],"curies":[{"name":"wp","href":"https:\/\/api.w.org\/{rel}","templated":true}]}}