{"id":235566,"date":"2023-03-13T13:44:56","date_gmt":"2023-03-13T18:44:56","guid":{"rendered":"https:\/\/reddeportiva.net\/principal\/?p=235566"},"modified":"2023-03-13T13:44:59","modified_gmt":"2023-03-13T18:44:59","slug":"el-impacto-del-cambio-climatico-en-los-desastres-naturales","status":"publish","type":"post","link":"https:\/\/reddeportiva.net\/principal\/?p=235566","title":{"rendered":"El impacto del cambio clim\u00e1tico en los desastres naturales"},"content":{"rendered":"\n<figure class=\"wp-block-embed is-type-video is-provider-youtube wp-block-embed-youtube wp-embed-aspect-16-9 wp-has-aspect-ratio\"><div class=\"wp-block-embed__wrapper\">\n<iframe loading=\"lazy\" title=\"El impacto del cambio clim\u00e1tico en los desastres naturales\" width=\"625\" height=\"352\" src=\"https:\/\/www.youtube.com\/embed\/dMxKUk8QNho?feature=oembed\" frameborder=\"0\" allow=\"accelerometer; autoplay; clipboard-write; encrypted-media; gyroscope; picture-in-picture; web-share\" referrerpolicy=\"strict-origin-when-cross-origin\" allowfullscreen><\/iframe>\n<\/div><\/figure>\n\n\n\n<p>En Reddeportiva.net opinamos que las decisiones relacionadas con la ocupaci\u00f3n del territorio andino han sido tomadas a trav\u00e9s de la historia en varios niveles de dise\u00f1o de los cuales no estamos conscientes y que por lo tanto, muchas de las decisiones actuales de la reconstrucci\u00f3n con cambios adolecen de fallas fundamentales a nivel de concepci\u00f3n del proyecto mismo.\u00a0 Nos explicamos mejor: da la impresi\u00f3n que el dise\u00f1o b\u00e1sico del manejo de los grandes vol\u00famenes de agua en el Per\u00fa sigue la concepci\u00f3n pensada por los arquitectos e ingenieros que vivieron en la antig\u00fcedad y que fueron perfeccionando sus dise\u00f1os conforme se les presentaron nuevos fen\u00f3menos del ni\u00f1o que pusieron a prueba las soluciones a las que llegaron al asimilar las lecciones del pasado.\u00a0 Es un hecho que a nivel de concepci\u00f3n del manejo de las aguas, la prioridad se puso en reponer el nivel de la napa fre\u00e1tica.\u00a0 A esta conclusi\u00f3n se puede llegar si usted observa que muchos de los r\u00edos costeros como el r\u00edo La Leche o el r\u00edo Lur\u00edn, entre otros, son tramos terminales a partir de que las quebradas se abren convirti\u00e9ndose en valles costeros.\u00a0 La consecuencia directa de esta realidad es que estos tramos terminales van por arriba del nivel de valle; o se tenga la rareza de no contar con una salida al mar como el r\u00edo Piura; contradiciendo la l\u00f3gica de quienes quieren dirigir el gobierno desde un escritorio ubicado en la capital.\u00a0 Es claro que el Per\u00fa ha cambiado mucho desde que el modelo original fuera aprobado haciendo necesario que los arquitectos e ingenieros de la actualidad replanteen los principios b\u00e1sicos de un nuevo dise\u00f1o de la industria agraria y pecuaria que incluya la utilizaci\u00f3n de las aguas del r\u00edo Oco\u00f1a, as\u00ed como la puesta en marcha de una metodolog\u00eda de manejo de proyectos que permita la ocupaci\u00f3n planificada del territorio aplicando las t\u00e9cnicas de riego m\u00e1s modernas y aborde de paso una conversi\u00f3n de nuestra estructura de empleo de la fuerza laboral permitiendo una r\u00e1pida formalizaci\u00f3n y modernizaci\u00f3n, para lo cual sugerimos la utilizaci\u00f3n del sistema de colonizaciones el cual no es ajeno a nuestro pasado pol\u00edtico.<\/p>\n","protected":false},"excerpt":{"rendered":"<p>En Reddeportiva.net opinamos que las decisiones relacionadas con la ocupaci\u00f3n del territorio andino han sido tomadas a trav\u00e9s de la historia en varios niveles de dise\u00f1o de los cuales no estamos conscientes y que por lo tanto, muchas de las decisiones actuales de la reconstrucci\u00f3n con cambios adolecen de fallas fundamentales a nivel de concepci\u00f3n [&hellip;]<\/p>\n","protected":false},"author":1,"featured_media":0,"comment_status":"closed","ping_status":"closed","sticky":false,"template":"","format":"standard","meta":{"_exactmetrics_skip_tracking":false,"_exactmetrics_sitenote_active":false,"_exactmetrics_sitenote_note":"","_exactmetrics_sitenote_category":0,"ngg_post_thumbnail":0,"footnotes":""},"categories":[1407,1229,1431,1399,1253,1290,1395,1317,1326,1402,22,1225,1232,1378,1318,1430,1425,1220,1293,1223,1441,1404,1349,1350,1283,1352,1442,36,1345,1381,200,1316,1336,1313,1447],"tags":[],"class_list":["post-235566","post","type-post","status-publish","format-standard","hentry","category-acuerdo-digital-proyeccion","category-agricultura-produccion-proyecciones","category-arquitectura","category-biologia-proyeccion","category-buenas-practicas","category-cadena-de-valor","category-cierre-de-brechas-proyecciones","category-colonizaciones","category-desarrollo","category-desplazados-americanos","category-educacion-proyecciones","category-empoderamiento-proyeccion","category-energia-produccion-proyecciones","category-industria-alimentaria","category-industrias-proyecciones","category-ingenieria","category-integracion-cultural","category-mundo-del-diseno","category-mundo-laboral","category-mundo-politico","category-planeamiento","category-poderes-mundiales","category-primacia-de-la-realidad","category-prioridades","category-productividad","category-progreso-proyecciones","category-proyectos-y-procesos","category-reddeportiva-net","category-ruralismo-proyecciones","category-seguridad-social","category-separata-reddeportiva","category-soluciones-comunitarias","category-transporte","category-turismo","category-vivienda"],"_links":{"self":[{"href":"https:\/\/reddeportiva.net\/principal\/index.php?rest_route=\/wp\/v2\/posts\/235566","targetHints":{"allow":["GET"]}}],"collection":[{"href":"https:\/\/reddeportiva.net\/principal\/index.php?rest_route=\/wp\/v2\/posts"}],"about":[{"href":"https:\/\/reddeportiva.net\/principal\/index.php?rest_route=\/wp\/v2\/types\/post"}],"author":[{"embeddable":true,"href":"https:\/\/reddeportiva.net\/principal\/index.php?rest_route=\/wp\/v2\/users\/1"}],"replies":[{"embeddable":true,"href":"https:\/\/reddeportiva.net\/principal\/index.php?rest_route=%2Fwp%2Fv2%2Fcomments&post=235566"}],"version-history":[{"count":1,"href":"https:\/\/reddeportiva.net\/principal\/index.php?rest_route=\/wp\/v2\/posts\/235566\/revisions"}],"predecessor-version":[{"id":235567,"href":"https:\/\/reddeportiva.net\/principal\/index.php?rest_route=\/wp\/v2\/posts\/235566\/revisions\/235567"}],"wp:attachment":[{"href":"https:\/\/reddeportiva.net\/principal\/index.php?rest_route=%2Fwp%2Fv2%2Fmedia&parent=235566"}],"wp:term":[{"taxonomy":"category","embeddable":true,"href":"https:\/\/reddeportiva.net\/principal\/index.php?rest_route=%2Fwp%2Fv2%2Fcategories&post=235566"},{"taxonomy":"post_tag","embeddable":true,"href":"https:\/\/reddeportiva.net\/principal\/index.php?rest_route=%2Fwp%2Fv2%2Ftags&post=235566"}],"curies":[{"name":"wp","href":"https:\/\/api.w.org\/{rel}","templated":true}]}}