{"id":235540,"date":"2023-03-11T22:13:43","date_gmt":"2023-03-12T03:13:43","guid":{"rendered":"https:\/\/reddeportiva.net\/principal\/?p=235540"},"modified":"2023-03-12T09:05:52","modified_gmt":"2023-03-12T14:05:52","slug":"lluvias-en-el-peru-no-hay-cultura-de-prevencion-ni-de-mantenimiento-senala-luis-miguel-castilla","status":"publish","type":"post","link":"https:\/\/reddeportiva.net\/principal\/?p=235540","title":{"rendered":"Lluvias en el Per\u00fa: \u00abNo hay cultura de prevenci\u00f3n ni de mantenimiento\u00bb, se\u00f1ala Luis Miguel Castilla"},"content":{"rendered":"\n<figure class=\"wp-block-embed is-type-video is-provider-youtube wp-block-embed-youtube wp-embed-aspect-16-9 wp-has-aspect-ratio\"><div class=\"wp-block-embed__wrapper\">\n<iframe loading=\"lazy\" title=\"Lluvias en el Per\u00fa: &quot;No hay cultura de prevenci\u00f3n ni de mantenimiento&quot;, se\u00f1ala Luis Miguel Castilla\" width=\"625\" height=\"352\" src=\"https:\/\/www.youtube.com\/embed\/uCfX8WLdNh8?feature=oembed\" frameborder=\"0\" allow=\"accelerometer; autoplay; clipboard-write; encrypted-media; gyroscope; picture-in-picture; web-share\" referrerpolicy=\"strict-origin-when-cross-origin\" allowfullscreen><\/iframe>\n<\/div><\/figure>\n","protected":false},"excerpt":{"rendered":"","protected":false},"author":1,"featured_media":0,"comment_status":"closed","ping_status":"closed","sticky":false,"template":"","format":"standard","meta":{"_exactmetrics_skip_tracking":false,"_exactmetrics_sitenote_active":false,"_exactmetrics_sitenote_note":"","_exactmetrics_sitenote_category":0,"ngg_post_thumbnail":0,"footnotes":""},"categories":[1278,1418,1431,1448,1411,1269,1430,1220,1223,1382,1311,1441,1349,1341,1442,1392,36,1316],"tags":[],"class_list":["post-235540","post","type-post","status-publish","format-standard","hentry","category-accion-politica-proyecciones","category-anticipacion","category-arquitectura","category-corrupcion","category-garantias","category-gestion-proyecciones","category-ingenieria","category-mundo-del-diseno","category-mundo-politico","category-normalizacion","category-orden-y-disciplina","category-planeamiento","category-primacia-de-la-realidad","category-promocion-y-ayudas","category-proyectos-y-procesos","category-rectificacion","category-reddeportiva-net","category-soluciones-comunitarias"],"_links":{"self":[{"href":"https:\/\/reddeportiva.net\/principal\/index.php?rest_route=\/wp\/v2\/posts\/235540","targetHints":{"allow":["GET"]}}],"collection":[{"href":"https:\/\/reddeportiva.net\/principal\/index.php?rest_route=\/wp\/v2\/posts"}],"about":[{"href":"https:\/\/reddeportiva.net\/principal\/index.php?rest_route=\/wp\/v2\/types\/post"}],"author":[{"embeddable":true,"href":"https:\/\/reddeportiva.net\/principal\/index.php?rest_route=\/wp\/v2\/users\/1"}],"replies":[{"embeddable":true,"href":"https:\/\/reddeportiva.net\/principal\/index.php?rest_route=%2Fwp%2Fv2%2Fcomments&post=235540"}],"version-history":[{"count":1,"href":"https:\/\/reddeportiva.net\/principal\/index.php?rest_route=\/wp\/v2\/posts\/235540\/revisions"}],"predecessor-version":[{"id":235541,"href":"https:\/\/reddeportiva.net\/principal\/index.php?rest_route=\/wp\/v2\/posts\/235540\/revisions\/235541"}],"wp:attachment":[{"href":"https:\/\/reddeportiva.net\/principal\/index.php?rest_route=%2Fwp%2Fv2%2Fmedia&parent=235540"}],"wp:term":[{"taxonomy":"category","embeddable":true,"href":"https:\/\/reddeportiva.net\/principal\/index.php?rest_route=%2Fwp%2Fv2%2Fcategories&post=235540"},{"taxonomy":"post_tag","embeddable":true,"href":"https:\/\/reddeportiva.net\/principal\/index.php?rest_route=%2Fwp%2Fv2%2Ftags&post=235540"}],"curies":[{"name":"wp","href":"https:\/\/api.w.org\/{rel}","templated":true}]}}