{"id":235238,"date":"2023-03-03T06:51:46","date_gmt":"2023-03-03T11:51:46","guid":{"rendered":"https:\/\/reddeportiva.net\/principal\/?p=235238"},"modified":"2023-03-03T07:15:42","modified_gmt":"2023-03-03T12:15:42","slug":"disrupcion-con-javier-gonzalez-olaechea-jueves-2-3-23-invitado-fabio-nunez-del-prado","status":"publish","type":"post","link":"https:\/\/reddeportiva.net\/principal\/?p=235238","title":{"rendered":"Disrupci\u00f3n con Javier Gonz\u00e1lez-Olaechea, jueves 2.3.23. Invitado: Fabio N\u00fa\u00f1ez del Prado."},"content":{"rendered":"\n<figure class=\"wp-block-embed is-type-video is-provider-youtube wp-block-embed-youtube wp-embed-aspect-16-9 wp-has-aspect-ratio\"><div class=\"wp-block-embed__wrapper\">\n<iframe loading=\"lazy\" title=\"Disrupci\u00f3n con Javier Gonz\u00e1lez-Olaechea, jueves 2.3.23.  Invitado: Fabio N\u00fa\u00f1ez del Prado.\" width=\"625\" height=\"352\" src=\"https:\/\/www.youtube.com\/embed\/hyAhbNFZ1Nk?feature=oembed\" frameborder=\"0\" allow=\"accelerometer; autoplay; clipboard-write; encrypted-media; gyroscope; picture-in-picture; web-share\" referrerpolicy=\"strict-origin-when-cross-origin\" allowfullscreen><\/iframe>\n<\/div><\/figure>\n","protected":false},"excerpt":{"rendered":"","protected":false},"author":1,"featured_media":0,"comment_status":"closed","ping_status":"closed","sticky":false,"template":"","format":"standard","meta":{"_exactmetrics_skip_tracking":false,"_exactmetrics_sitenote_active":false,"_exactmetrics_sitenote_note":"","_exactmetrics_sitenote_category":0,"ngg_post_thumbnail":0,"footnotes":""},"categories":[1278,1418,1282,1448,1271,1411,1319,1286,1412,1405,1366,1220,1382,1349,36,1373,1403,1287,1420],"tags":[],"class_list":["post-235238","post","type-post","status-publish","format-standard","hentry","category-accion-politica-proyecciones","category-anticipacion","category-control-proyecciones","category-corrupcion","category-excelencia","category-garantias","category-ideologizacion","category-integridad","category-lavada-de-manos","category-manipulacion","category-marginacion","category-mundo-del-diseno","category-normalizacion","category-primacia-de-la-realidad","category-reddeportiva-net","category-reforma-del-comercio","category-reforma-servicios-publicos","category-transparencia","category-valor"],"_links":{"self":[{"href":"https:\/\/reddeportiva.net\/principal\/index.php?rest_route=\/wp\/v2\/posts\/235238","targetHints":{"allow":["GET"]}}],"collection":[{"href":"https:\/\/reddeportiva.net\/principal\/index.php?rest_route=\/wp\/v2\/posts"}],"about":[{"href":"https:\/\/reddeportiva.net\/principal\/index.php?rest_route=\/wp\/v2\/types\/post"}],"author":[{"embeddable":true,"href":"https:\/\/reddeportiva.net\/principal\/index.php?rest_route=\/wp\/v2\/users\/1"}],"replies":[{"embeddable":true,"href":"https:\/\/reddeportiva.net\/principal\/index.php?rest_route=%2Fwp%2Fv2%2Fcomments&post=235238"}],"version-history":[{"count":1,"href":"https:\/\/reddeportiva.net\/principal\/index.php?rest_route=\/wp\/v2\/posts\/235238\/revisions"}],"predecessor-version":[{"id":235239,"href":"https:\/\/reddeportiva.net\/principal\/index.php?rest_route=\/wp\/v2\/posts\/235238\/revisions\/235239"}],"wp:attachment":[{"href":"https:\/\/reddeportiva.net\/principal\/index.php?rest_route=%2Fwp%2Fv2%2Fmedia&parent=235238"}],"wp:term":[{"taxonomy":"category","embeddable":true,"href":"https:\/\/reddeportiva.net\/principal\/index.php?rest_route=%2Fwp%2Fv2%2Fcategories&post=235238"},{"taxonomy":"post_tag","embeddable":true,"href":"https:\/\/reddeportiva.net\/principal\/index.php?rest_route=%2Fwp%2Fv2%2Ftags&post=235238"}],"curies":[{"name":"wp","href":"https:\/\/api.w.org\/{rel}","templated":true}]}}