{"id":235102,"date":"2023-02-27T20:32:37","date_gmt":"2023-02-28T01:32:37","guid":{"rendered":"https:\/\/reddeportiva.net\/principal\/?p=235102"},"modified":"2023-02-27T20:43:17","modified_gmt":"2023-02-28T01:43:17","slug":"peru-en-crisis-la-presidenta-dina-boluarte-ofendio-a-puno-senala-exviceministro-de-minas","status":"publish","type":"post","link":"https:\/\/reddeportiva.net\/principal\/?p=235102","title":{"rendered":"Per\u00fa en crisis: \u00abLa presidenta Dina Boluarte ofendi\u00f3 a Puno\u00bb, se\u00f1ala exviceministro de Minas"},"content":{"rendered":"\n<figure class=\"wp-block-embed is-type-video is-provider-youtube wp-block-embed-youtube wp-embed-aspect-16-9 wp-has-aspect-ratio\"><div class=\"wp-block-embed__wrapper\">\n<iframe loading=\"lazy\" title=\"Per\u00fa en crisis: &quot;La presidenta Dina Boluarte ofendi\u00f3 a Puno&quot;, se\u00f1ala exviceministro de Minas\" width=\"625\" height=\"352\" src=\"https:\/\/www.youtube.com\/embed\/bVPQsvXxM8s?feature=oembed\" frameborder=\"0\" allow=\"accelerometer; autoplay; clipboard-write; encrypted-media; gyroscope; picture-in-picture; web-share\" referrerpolicy=\"strict-origin-when-cross-origin\" allowfullscreen><\/iframe>\n<\/div><\/figure>\n","protected":false},"excerpt":{"rendered":"","protected":false},"author":1,"featured_media":0,"comment_status":"closed","ping_status":"closed","sticky":false,"template":"","format":"standard","meta":{"_exactmetrics_skip_tracking":false,"_exactmetrics_sitenote_active":false,"_exactmetrics_sitenote_note":"","_exactmetrics_sitenote_category":0,"ngg_post_thumbnail":0,"footnotes":""},"categories":[1278,1303,1388,1376,1255,1307,1202,1241,1243,1286,1237,1429,1311,1404,1349,36,200,1287],"tags":[],"class_list":["post-235102","post","type-post","status-publish","format-standard","hentry","category-accion-politica-proyecciones","category-crimen-organizado","category-debido-proceso","category-democracia","category-divisas-finanzas","category-estado-de-derecho","category-geopolitica-proyecciones","category-gobernanza","category-institucionalidad","category-integridad","category-libertades","category-mineria-produccion-proyecciones","category-orden-y-disciplina","category-poderes-mundiales","category-primacia-de-la-realidad","category-reddeportiva-net","category-separata-reddeportiva","category-transparencia"],"_links":{"self":[{"href":"https:\/\/reddeportiva.net\/principal\/index.php?rest_route=\/wp\/v2\/posts\/235102","targetHints":{"allow":["GET"]}}],"collection":[{"href":"https:\/\/reddeportiva.net\/principal\/index.php?rest_route=\/wp\/v2\/posts"}],"about":[{"href":"https:\/\/reddeportiva.net\/principal\/index.php?rest_route=\/wp\/v2\/types\/post"}],"author":[{"embeddable":true,"href":"https:\/\/reddeportiva.net\/principal\/index.php?rest_route=\/wp\/v2\/users\/1"}],"replies":[{"embeddable":true,"href":"https:\/\/reddeportiva.net\/principal\/index.php?rest_route=%2Fwp%2Fv2%2Fcomments&post=235102"}],"version-history":[{"count":1,"href":"https:\/\/reddeportiva.net\/principal\/index.php?rest_route=\/wp\/v2\/posts\/235102\/revisions"}],"predecessor-version":[{"id":235103,"href":"https:\/\/reddeportiva.net\/principal\/index.php?rest_route=\/wp\/v2\/posts\/235102\/revisions\/235103"}],"wp:attachment":[{"href":"https:\/\/reddeportiva.net\/principal\/index.php?rest_route=%2Fwp%2Fv2%2Fmedia&parent=235102"}],"wp:term":[{"taxonomy":"category","embeddable":true,"href":"https:\/\/reddeportiva.net\/principal\/index.php?rest_route=%2Fwp%2Fv2%2Fcategories&post=235102"},{"taxonomy":"post_tag","embeddable":true,"href":"https:\/\/reddeportiva.net\/principal\/index.php?rest_route=%2Fwp%2Fv2%2Ftags&post=235102"}],"curies":[{"name":"wp","href":"https:\/\/api.w.org\/{rel}","templated":true}]}}