{"id":235074,"date":"2023-02-26T16:08:51","date_gmt":"2023-02-26T21:08:51","guid":{"rendered":"https:\/\/reddeportiva.net\/principal\/?p=235074"},"modified":"2023-02-26T16:08:54","modified_gmt":"2023-02-26T21:08:54","slug":"china-y-america-latina-tienen-este-problema-en-comun-que-frenara-su-crecimiento-economico","status":"publish","type":"post","link":"https:\/\/reddeportiva.net\/principal\/?p=235074","title":{"rendered":"China y Am\u00e9rica Latina tienen este problema en com\u00fan que frenar\u00e1 su crecimiento econ\u00f3mico"},"content":{"rendered":"\n<figure class=\"wp-block-embed is-type-video is-provider-youtube wp-block-embed-youtube wp-embed-aspect-16-9 wp-has-aspect-ratio\"><div class=\"wp-block-embed__wrapper\">\n<iframe loading=\"lazy\" title=\"China y Am\u00e9rica Latina tienen este problema en com\u00fan que frenar\u00e1 su crecimiento econ\u00f3mico\" width=\"625\" height=\"352\" src=\"https:\/\/www.youtube.com\/embed\/zULcX0MNZzY?feature=oembed\" frameborder=\"0\" allow=\"accelerometer; autoplay; clipboard-write; encrypted-media; gyroscope; picture-in-picture; web-share\" referrerpolicy=\"strict-origin-when-cross-origin\" allowfullscreen><\/iframe>\n<\/div><\/figure>\n","protected":false},"excerpt":{"rendered":"","protected":false},"author":1,"featured_media":0,"comment_status":"closed","ping_status":"closed","sticky":false,"template":"","format":"standard","meta":{"_exactmetrics_skip_tracking":false,"_exactmetrics_sitenote_active":false,"_exactmetrics_sitenote_note":"","_exactmetrics_sitenote_category":0,"ngg_post_thumbnail":0,"footnotes":""},"categories":[1278,1418,1365,1331,1202,1377,1330,1422,1293,1223,1291,1353,779,273,603,1381],"tags":[],"class_list":["post-235074","post","type-post","status-publish","format-standard","hentry","category-accion-politica-proyecciones","category-anticipacion","category-china-organizacion-multilateralismo-proyecciones","category-dinamicas-personales","category-geopolitica-proyecciones","category-india","category-ingresos-personales","category-mestizaje","category-mundo-laboral","category-mundo-politico","category-organizacion-internacional-proyecciones","category-organizacion-multilateralismo-proyecciones","category-proyecciones","category-proyecciones-refugiados","category-proyecciones-sostenible","category-seguridad-social"],"_links":{"self":[{"href":"https:\/\/reddeportiva.net\/principal\/index.php?rest_route=\/wp\/v2\/posts\/235074","targetHints":{"allow":["GET"]}}],"collection":[{"href":"https:\/\/reddeportiva.net\/principal\/index.php?rest_route=\/wp\/v2\/posts"}],"about":[{"href":"https:\/\/reddeportiva.net\/principal\/index.php?rest_route=\/wp\/v2\/types\/post"}],"author":[{"embeddable":true,"href":"https:\/\/reddeportiva.net\/principal\/index.php?rest_route=\/wp\/v2\/users\/1"}],"replies":[{"embeddable":true,"href":"https:\/\/reddeportiva.net\/principal\/index.php?rest_route=%2Fwp%2Fv2%2Fcomments&post=235074"}],"version-history":[{"count":1,"href":"https:\/\/reddeportiva.net\/principal\/index.php?rest_route=\/wp\/v2\/posts\/235074\/revisions"}],"predecessor-version":[{"id":235075,"href":"https:\/\/reddeportiva.net\/principal\/index.php?rest_route=\/wp\/v2\/posts\/235074\/revisions\/235075"}],"wp:attachment":[{"href":"https:\/\/reddeportiva.net\/principal\/index.php?rest_route=%2Fwp%2Fv2%2Fmedia&parent=235074"}],"wp:term":[{"taxonomy":"category","embeddable":true,"href":"https:\/\/reddeportiva.net\/principal\/index.php?rest_route=%2Fwp%2Fv2%2Fcategories&post=235074"},{"taxonomy":"post_tag","embeddable":true,"href":"https:\/\/reddeportiva.net\/principal\/index.php?rest_route=%2Fwp%2Fv2%2Ftags&post=235074"}],"curies":[{"name":"wp","href":"https:\/\/api.w.org\/{rel}","templated":true}]}}