{"id":235032,"date":"2023-02-25T11:40:25","date_gmt":"2023-02-25T16:40:25","guid":{"rendered":"https:\/\/reddeportiva.net\/principal\/?p=235032"},"modified":"2023-02-25T11:41:20","modified_gmt":"2023-02-25T16:41:20","slug":"puno-sienten-que-sus-muertos-no-han-sido-reconocidos-de-alguna-manera-por-el-gobierno-del-peru","status":"publish","type":"post","link":"https:\/\/reddeportiva.net\/principal\/?p=235032","title":{"rendered":"Puno: \u00abSienten que sus muertos no han sido reconocidos de alguna manera por el Gobierno del Per\u00fa\u00bb"},"content":{"rendered":"\n<figure class=\"wp-block-embed is-type-video is-provider-youtube wp-block-embed-youtube wp-embed-aspect-16-9 wp-has-aspect-ratio\"><div class=\"wp-block-embed__wrapper\">\n<iframe loading=\"lazy\" title=\"Puno: &quot;Sienten que sus muertos no han sido reconocidos de alguna manera por el Gobierno del Per\u00fa&quot;\" width=\"625\" height=\"352\" src=\"https:\/\/www.youtube.com\/embed\/_3PSO4Xr-j0?feature=oembed\" frameborder=\"0\" allow=\"accelerometer; autoplay; clipboard-write; encrypted-media; gyroscope; picture-in-picture; web-share\" referrerpolicy=\"strict-origin-when-cross-origin\" allowfullscreen><\/iframe>\n<\/div><\/figure>\n\n\n\n<p>En Reddeportiva.net opinamos que el v\u00eddeo adjunto tiene la clave para comprender mucho de lo sucedido en el pa\u00eds desde el a\u00f1o 2016, momento que puede ser identificado por las escenas de un v\u00eddeo que muestra a quien luego ser\u00eda Presidente de Bolivia, registrado en suelo peruano dentro de un avi\u00f3n ejecutivo contratado y recibido por el ingeniero Mart\u00edn Vizcarra, cuando a\u00fan se encontraba a cargo de la Regi\u00f3n Moquegua.\u00a0 Una vez m\u00e1s queremos insistir en el papel cumplido por la \u201calianza extrema\u201d de nuestro pa\u00eds la cual es liderada por quienes representan desde la izquierda radical, pasando a trav\u00e9s de los caviares y que terminan poni\u00e9ndose de acuerdo con los plut\u00f3cratas para poner en marcha planes destinados a llegar, distribuirse y permanecer en el poder mediante la destrucci\u00f3n del centro pol\u00edtico y de toda institucionalidad aut\u00e9ntica y regular.\u00a0 La fuerza y la profundidad de las actividades que el movimiento opositor a la Presidencia de Dina Boluarte vienen haciendo gala, revelar\u00edan que el apoyo externo del Foro de Sao Paulo al movimiento subversivo lleg\u00f3 a trav\u00e9s de Bolivia.\u00a0 Este movimiento habr\u00eda puesto en marcha un plan espec\u00edfico para participar en las elecciones generales del a\u00f1o 2016 con el fin de profundizar el control pol\u00edtico del Per\u00fa el cual se viene \u201ctrabajando\u201d desde antes de la ca\u00edda de Alberto Fujimori en el a\u00f1o 2000.\u00a0 En ese sentido, al t\u00e9rmino del gobierno de Ollanta Humala, los activistas de la derecha \u201ccontratan\u201d pol\u00edticos que con alguna inocencia ponen en actividad partidos y otras organizaciones pol\u00edticas que gracias a un efectivo apoyo econ\u00f3mico resurgen sorprendiendo a parte importante del electorado de entre las cenizas de un sistema pol\u00edtico incendiado y previamente puestos fuera de juego por las fuerzas extremas y las campa\u00f1as period\u00edsticas del \u201cpensamiento \u00fanico\u201d.\u00a0 No se debe perder de vista que mucho del caos pol\u00edtico que estamos viviendo en la actualidad se debe a las \u201cReformas Constitucionales\u201d conducidas por Mart\u00edn Vizcarra que prohibieron la reelecci\u00f3n para los candidatos a conformar el Congreso Nacional.\u00a0 Es as\u00ed como se llega a una renovaci\u00f3n de la pol\u00edtica peruana que llevaba ocultos m\u00e1s de un vicio o falla sist\u00e9mica en potencia las cuales permitir\u00edan desviar con facilidad y hasta inmovilizar la marcha del pa\u00eds hacia su desarrollo y a la puesta en marcha de decisiones que resolver\u00edan los problemas con transparencia, libre de minas y trampas a ser sembradas por los topos y otros elementos dedicados al sabotaje del avance libre y franco de las fuerzas del mercado y de las iniciativas de los emprendedores.<\/p>\n","protected":false},"excerpt":{"rendered":"<p>En Reddeportiva.net opinamos que el v\u00eddeo adjunto tiene la clave para comprender mucho de lo sucedido en el pa\u00eds desde el a\u00f1o 2016, momento que puede ser identificado por las escenas de un v\u00eddeo que muestra a quien luego ser\u00eda Presidente de Bolivia, registrado en suelo peruano dentro de un avi\u00f3n ejecutivo contratado y recibido [&hellip;]<\/p>\n","protected":false},"author":1,"featured_media":0,"comment_status":"closed","ping_status":"closed","sticky":false,"template":"","format":"standard","meta":{"_exactmetrics_skip_tracking":false,"_exactmetrics_sitenote_active":false,"_exactmetrics_sitenote_note":"","_exactmetrics_sitenote_category":0,"ngg_post_thumbnail":0,"footnotes":""},"categories":[1349,36],"tags":[],"class_list":["post-235032","post","type-post","status-publish","format-standard","hentry","category-primacia-de-la-realidad","category-reddeportiva-net"],"_links":{"self":[{"href":"https:\/\/reddeportiva.net\/principal\/index.php?rest_route=\/wp\/v2\/posts\/235032","targetHints":{"allow":["GET"]}}],"collection":[{"href":"https:\/\/reddeportiva.net\/principal\/index.php?rest_route=\/wp\/v2\/posts"}],"about":[{"href":"https:\/\/reddeportiva.net\/principal\/index.php?rest_route=\/wp\/v2\/types\/post"}],"author":[{"embeddable":true,"href":"https:\/\/reddeportiva.net\/principal\/index.php?rest_route=\/wp\/v2\/users\/1"}],"replies":[{"embeddable":true,"href":"https:\/\/reddeportiva.net\/principal\/index.php?rest_route=%2Fwp%2Fv2%2Fcomments&post=235032"}],"version-history":[{"count":1,"href":"https:\/\/reddeportiva.net\/principal\/index.php?rest_route=\/wp\/v2\/posts\/235032\/revisions"}],"predecessor-version":[{"id":235033,"href":"https:\/\/reddeportiva.net\/principal\/index.php?rest_route=\/wp\/v2\/posts\/235032\/revisions\/235033"}],"wp:attachment":[{"href":"https:\/\/reddeportiva.net\/principal\/index.php?rest_route=%2Fwp%2Fv2%2Fmedia&parent=235032"}],"wp:term":[{"taxonomy":"category","embeddable":true,"href":"https:\/\/reddeportiva.net\/principal\/index.php?rest_route=%2Fwp%2Fv2%2Fcategories&post=235032"},{"taxonomy":"post_tag","embeddable":true,"href":"https:\/\/reddeportiva.net\/principal\/index.php?rest_route=%2Fwp%2Fv2%2Ftags&post=235032"}],"curies":[{"name":"wp","href":"https:\/\/api.w.org\/{rel}","templated":true}]}}