{"id":234797,"date":"2023-02-18T17:39:15","date_gmt":"2023-02-18T22:39:15","guid":{"rendered":"https:\/\/reddeportiva.net\/principal\/?p=234797"},"modified":"2023-02-18T17:39:18","modified_gmt":"2023-02-18T22:39:18","slug":"maiz-o-trigo-para-el-deposito-de-combustible-del-vehiculo","status":"publish","type":"post","link":"https:\/\/reddeportiva.net\/principal\/?p=234797","title":{"rendered":"\u00bfMa\u00edz o trigo para el dep\u00f3sito de combustible del veh\u00edculo?"},"content":{"rendered":"\n<figure class=\"wp-block-embed is-type-video is-provider-youtube wp-block-embed-youtube wp-embed-aspect-16-9 wp-has-aspect-ratio\"><div class=\"wp-block-embed__wrapper\">\n<iframe loading=\"lazy\" title=\"\u00bfMa\u00edz o trigo para el dep\u00f3sito de combustible del veh\u00edculo?\" width=\"625\" height=\"352\" src=\"https:\/\/www.youtube.com\/embed\/8TiiKluNxNM?feature=oembed\" frameborder=\"0\" allow=\"accelerometer; autoplay; clipboard-write; encrypted-media; gyroscope; picture-in-picture; web-share\" referrerpolicy=\"strict-origin-when-cross-origin\" allowfullscreen><\/iframe>\n<\/div><\/figure>\n","protected":false},"excerpt":{"rendered":"","protected":false},"author":1,"featured_media":0,"comment_status":"closed","ping_status":"closed","sticky":false,"template":"","format":"standard","meta":{"_exactmetrics_skip_tracking":false,"_exactmetrics_sitenote_active":false,"_exactmetrics_sitenote_note":"","_exactmetrics_sitenote_category":0,"ngg_post_thumbnail":0,"footnotes":""},"categories":[1229,1357,1359,1254,1232,1368,1202,1378,1425,76,1293,1264,1223,1353,1404,1218,779,1257],"tags":[],"class_list":["post-234797","post","type-post","status-publish","format-standard","hentry","category-agricultura-produccion-proyecciones","category-alemania-proyecciones-multilateralismo","category-biodiversidad-ambiente","category-cambio-climatico-ambiente","category-energia-produccion-proyecciones","category-energia-renovable-ambiente","category-geopolitica-proyecciones","category-industria-alimentaria","category-integracion-cultural","category-mundo-innovacion","category-mundo-laboral","category-mundo-natural","category-mundo-politico","category-organizacion-multilateralismo-proyecciones","category-poderes-mundiales","category-proteccion-naturaleza-ambiente","category-proyecciones","category-reciclaje-ambiente"],"_links":{"self":[{"href":"https:\/\/reddeportiva.net\/principal\/index.php?rest_route=\/wp\/v2\/posts\/234797","targetHints":{"allow":["GET"]}}],"collection":[{"href":"https:\/\/reddeportiva.net\/principal\/index.php?rest_route=\/wp\/v2\/posts"}],"about":[{"href":"https:\/\/reddeportiva.net\/principal\/index.php?rest_route=\/wp\/v2\/types\/post"}],"author":[{"embeddable":true,"href":"https:\/\/reddeportiva.net\/principal\/index.php?rest_route=\/wp\/v2\/users\/1"}],"replies":[{"embeddable":true,"href":"https:\/\/reddeportiva.net\/principal\/index.php?rest_route=%2Fwp%2Fv2%2Fcomments&post=234797"}],"version-history":[{"count":1,"href":"https:\/\/reddeportiva.net\/principal\/index.php?rest_route=\/wp\/v2\/posts\/234797\/revisions"}],"predecessor-version":[{"id":234798,"href":"https:\/\/reddeportiva.net\/principal\/index.php?rest_route=\/wp\/v2\/posts\/234797\/revisions\/234798"}],"wp:attachment":[{"href":"https:\/\/reddeportiva.net\/principal\/index.php?rest_route=%2Fwp%2Fv2%2Fmedia&parent=234797"}],"wp:term":[{"taxonomy":"category","embeddable":true,"href":"https:\/\/reddeportiva.net\/principal\/index.php?rest_route=%2Fwp%2Fv2%2Fcategories&post=234797"},{"taxonomy":"post_tag","embeddable":true,"href":"https:\/\/reddeportiva.net\/principal\/index.php?rest_route=%2Fwp%2Fv2%2Ftags&post=234797"}],"curies":[{"name":"wp","href":"https:\/\/api.w.org\/{rel}","templated":true}]}}