{"id":234185,"date":"2023-02-01T00:37:23","date_gmt":"2023-02-01T05:37:23","guid":{"rendered":"https:\/\/reddeportiva.net\/principal\/?p=234185"},"modified":"2023-02-01T00:37:26","modified_gmt":"2023-02-01T05:37:26","slug":"la-economia-global-esquivara-la-recesion-este-ano-segun-el-fmi","status":"publish","type":"post","link":"https:\/\/reddeportiva.net\/principal\/?p=234185","title":{"rendered":"La econom\u00eda global esquivar\u00e1 la recesi\u00f3n este a\u00f1o, seg\u00fan el FMI"},"content":{"rendered":"\n<figure class=\"wp-block-embed is-type-video is-provider-youtube wp-block-embed-youtube wp-embed-aspect-16-9 wp-has-aspect-ratio\"><div class=\"wp-block-embed__wrapper\">\n<iframe loading=\"lazy\" title=\"La econom\u00eda global esquivar\u00e1 la recesi\u00f3n este a\u00f1o, seg\u00fan el FMI\" width=\"625\" height=\"352\" src=\"https:\/\/www.youtube.com\/embed\/GnD9z5vhWTw?feature=oembed\" frameborder=\"0\" allow=\"accelerometer; autoplay; clipboard-write; encrypted-media; gyroscope; picture-in-picture; web-share\" referrerpolicy=\"strict-origin-when-cross-origin\" allowfullscreen><\/iframe>\n<\/div><\/figure>\n","protected":false},"excerpt":{"rendered":"","protected":false},"author":1,"featured_media":0,"comment_status":"closed","ping_status":"closed","sticky":false,"template":"","format":"standard","meta":{"_exactmetrics_skip_tracking":false,"_exactmetrics_sitenote_active":false,"_exactmetrics_sitenote_note":"","_exactmetrics_sitenote_category":0,"ngg_post_thumbnail":0,"footnotes":""},"categories":[1273,1423,1202,1293,1223,1270,1280,779,1389],"tags":[],"class_list":["post-234185","post","type-post","status-publish","format-standard","hentry","category-estimulos-finanzas","category-fmi","category-geopolitica-proyecciones","category-mundo-laboral","category-mundo-politico","category-prestamos-finanzas","category-presupuestos-finanzas","category-proyecciones","category-tasas-de-interes-finanzas"],"_links":{"self":[{"href":"https:\/\/reddeportiva.net\/principal\/index.php?rest_route=\/wp\/v2\/posts\/234185","targetHints":{"allow":["GET"]}}],"collection":[{"href":"https:\/\/reddeportiva.net\/principal\/index.php?rest_route=\/wp\/v2\/posts"}],"about":[{"href":"https:\/\/reddeportiva.net\/principal\/index.php?rest_route=\/wp\/v2\/types\/post"}],"author":[{"embeddable":true,"href":"https:\/\/reddeportiva.net\/principal\/index.php?rest_route=\/wp\/v2\/users\/1"}],"replies":[{"embeddable":true,"href":"https:\/\/reddeportiva.net\/principal\/index.php?rest_route=%2Fwp%2Fv2%2Fcomments&post=234185"}],"version-history":[{"count":1,"href":"https:\/\/reddeportiva.net\/principal\/index.php?rest_route=\/wp\/v2\/posts\/234185\/revisions"}],"predecessor-version":[{"id":234186,"href":"https:\/\/reddeportiva.net\/principal\/index.php?rest_route=\/wp\/v2\/posts\/234185\/revisions\/234186"}],"wp:attachment":[{"href":"https:\/\/reddeportiva.net\/principal\/index.php?rest_route=%2Fwp%2Fv2%2Fmedia&parent=234185"}],"wp:term":[{"taxonomy":"category","embeddable":true,"href":"https:\/\/reddeportiva.net\/principal\/index.php?rest_route=%2Fwp%2Fv2%2Fcategories&post=234185"},{"taxonomy":"post_tag","embeddable":true,"href":"https:\/\/reddeportiva.net\/principal\/index.php?rest_route=%2Fwp%2Fv2%2Ftags&post=234185"}],"curies":[{"name":"wp","href":"https:\/\/api.w.org\/{rel}","templated":true}]}}