{"id":234147,"date":"2023-01-29T12:29:17","date_gmt":"2023-01-29T17:29:17","guid":{"rendered":"https:\/\/reddeportiva.net\/principal\/?p=234147"},"modified":"2023-01-29T12:29:21","modified_gmt":"2023-01-29T17:29:21","slug":"peru-sera-la-estrella-de-la-region-a-pesar-de-la-crisis-politica-dice-ministro-de-economia","status":"publish","type":"post","link":"https:\/\/reddeportiva.net\/principal\/?p=234147","title":{"rendered":"Per\u00fa ser\u00e1 \u00abla estrella de la regi\u00f3n\u00bb a pesar de la crisis pol\u00edtica, dice ministro de Econom\u00eda"},"content":{"rendered":"\n<figure class=\"wp-block-embed is-type-video is-provider-youtube wp-block-embed-youtube wp-embed-aspect-16-9 wp-has-aspect-ratio\"><div class=\"wp-block-embed__wrapper\">\n<iframe loading=\"lazy\" title=\"Per\u00fa ser\u00e1 &quot;la estrella de la regi\u00f3n&quot; a pesar de la crisis pol\u00edtica, dice ministro de Econom\u00eda\" width=\"625\" height=\"352\" src=\"https:\/\/www.youtube.com\/embed\/2sdNHjvUoDo?feature=oembed\" frameborder=\"0\" allow=\"accelerometer; autoplay; clipboard-write; encrypted-media; gyroscope; picture-in-picture; web-share\" referrerpolicy=\"strict-origin-when-cross-origin\" allowfullscreen><\/iframe>\n<\/div><\/figure>\n","protected":false},"excerpt":{"rendered":"","protected":false},"author":1,"featured_media":0,"comment_status":"closed","ping_status":"closed","sticky":false,"template":"","format":"standard","meta":{"_exactmetrics_skip_tracking":false,"_exactmetrics_sitenote_active":false,"_exactmetrics_sitenote_note":"","_exactmetrics_sitenote_category":0,"ngg_post_thumbnail":0,"footnotes":""},"categories":[1229,1230,1253,1290,1272,1376,1326,1402,1307,1273,1271,1202,1241,1371,1378,1425,1293,1223,1348,1349,1350,1283,36,1374,1381],"tags":[],"class_list":["post-234147","post","type-post","status-publish","format-standard","hentry","category-agricultura-produccion-proyecciones","category-banca-produccion-proyecciones","category-buenas-practicas","category-cadena-de-valor","category-competencia-leal","category-democracia","category-desarrollo","category-desplazados-americanos","category-estado-de-derecho","category-estimulos-finanzas","category-excelencia","category-geopolitica-proyecciones","category-gobernanza","category-incorporando","category-industria-alimentaria","category-integracion-cultural","category-mundo-laboral","category-mundo-politico","category-organizacion-social-proyecciones","category-primacia-de-la-realidad","category-prioridades","category-productividad","category-reddeportiva-net","category-reforma-de-la-economia","category-seguridad-social"],"_links":{"self":[{"href":"https:\/\/reddeportiva.net\/principal\/index.php?rest_route=\/wp\/v2\/posts\/234147","targetHints":{"allow":["GET"]}}],"collection":[{"href":"https:\/\/reddeportiva.net\/principal\/index.php?rest_route=\/wp\/v2\/posts"}],"about":[{"href":"https:\/\/reddeportiva.net\/principal\/index.php?rest_route=\/wp\/v2\/types\/post"}],"author":[{"embeddable":true,"href":"https:\/\/reddeportiva.net\/principal\/index.php?rest_route=\/wp\/v2\/users\/1"}],"replies":[{"embeddable":true,"href":"https:\/\/reddeportiva.net\/principal\/index.php?rest_route=%2Fwp%2Fv2%2Fcomments&post=234147"}],"version-history":[{"count":1,"href":"https:\/\/reddeportiva.net\/principal\/index.php?rest_route=\/wp\/v2\/posts\/234147\/revisions"}],"predecessor-version":[{"id":234148,"href":"https:\/\/reddeportiva.net\/principal\/index.php?rest_route=\/wp\/v2\/posts\/234147\/revisions\/234148"}],"wp:attachment":[{"href":"https:\/\/reddeportiva.net\/principal\/index.php?rest_route=%2Fwp%2Fv2%2Fmedia&parent=234147"}],"wp:term":[{"taxonomy":"category","embeddable":true,"href":"https:\/\/reddeportiva.net\/principal\/index.php?rest_route=%2Fwp%2Fv2%2Fcategories&post=234147"},{"taxonomy":"post_tag","embeddable":true,"href":"https:\/\/reddeportiva.net\/principal\/index.php?rest_route=%2Fwp%2Fv2%2Ftags&post=234147"}],"curies":[{"name":"wp","href":"https:\/\/api.w.org\/{rel}","templated":true}]}}