{"id":234062,"date":"2023-01-26T08:32:22","date_gmt":"2023-01-26T13:32:22","guid":{"rendered":"https:\/\/reddeportiva.net\/principal\/?p=234062"},"modified":"2023-01-26T08:32:26","modified_gmt":"2023-01-26T13:32:26","slug":"por-que-el-87-de-los-brasilenos-vive-en-este-pequeno-territorio-de-brasil","status":"publish","type":"post","link":"https:\/\/reddeportiva.net\/principal\/?p=234062","title":{"rendered":"\u00bfPor qu\u00e9 el 87% de los brasile\u00f1os vive en este peque\u00f1o territorio de Brasil?"},"content":{"rendered":"\n<figure class=\"wp-block-embed is-type-video is-provider-youtube wp-block-embed-youtube wp-embed-aspect-16-9 wp-has-aspect-ratio\"><div class=\"wp-block-embed__wrapper\">\n<iframe loading=\"lazy\" title=\"\u00bfPor qu\u00e9 el 87% de los brasile\u00f1os vive en este peque\u00f1o territorio de Brasil?\" width=\"625\" height=\"352\" src=\"https:\/\/www.youtube.com\/embed\/OS4qFttNIp0?feature=oembed\" frameborder=\"0\" allow=\"accelerometer; autoplay; clipboard-write; encrypted-media; gyroscope; picture-in-picture; web-share\" referrerpolicy=\"strict-origin-when-cross-origin\" allowfullscreen><\/iframe>\n<\/div><\/figure>\n","protected":false},"excerpt":{"rendered":"","protected":false},"author":1,"featured_media":0,"comment_status":"closed","ping_status":"closed","sticky":false,"template":"","format":"standard","meta":{"_exactmetrics_skip_tracking":false,"_exactmetrics_sitenote_active":false,"_exactmetrics_sitenote_note":"","_exactmetrics_sitenote_category":0,"ngg_post_thumbnail":0,"footnotes":""},"categories":[1229,1359,1254,1449,1395,1281,1402,1232,1202,1378,1318,1297,1425,1277,1429,1223,1450,1291,1353,1404,1218,779,871,659,603,1213,36],"tags":[],"class_list":["post-234062","post","type-post","status-publish","format-standard","hentry","category-agricultura-produccion-proyecciones","category-biodiversidad-ambiente","category-cambio-climatico-ambiente","category-celac","category-cierre-de-brechas-proyecciones","category-cronologias-proyecciones","category-desplazados-americanos","category-energia-produccion-proyecciones","category-geopolitica-proyecciones","category-industria-alimentaria","category-industrias-proyecciones","category-infraestructura-transporte-proyecciones","category-integracion-cultural","category-materias-primas-proyecciones","category-mineria-produccion-proyecciones","category-mundo-politico","category-oea","category-organizacion-internacional-proyecciones","category-organizacion-multilateralismo-proyecciones","category-poderes-mundiales","category-proteccion-naturaleza-ambiente","category-proyecciones","category-proyecciones-rutas-de-comercio","category-proyecciones-seguridad","category-proyecciones-sostenible","category-proyecciones-tecnologicas","category-reddeportiva-net"],"_links":{"self":[{"href":"https:\/\/reddeportiva.net\/principal\/index.php?rest_route=\/wp\/v2\/posts\/234062","targetHints":{"allow":["GET"]}}],"collection":[{"href":"https:\/\/reddeportiva.net\/principal\/index.php?rest_route=\/wp\/v2\/posts"}],"about":[{"href":"https:\/\/reddeportiva.net\/principal\/index.php?rest_route=\/wp\/v2\/types\/post"}],"author":[{"embeddable":true,"href":"https:\/\/reddeportiva.net\/principal\/index.php?rest_route=\/wp\/v2\/users\/1"}],"replies":[{"embeddable":true,"href":"https:\/\/reddeportiva.net\/principal\/index.php?rest_route=%2Fwp%2Fv2%2Fcomments&post=234062"}],"version-history":[{"count":1,"href":"https:\/\/reddeportiva.net\/principal\/index.php?rest_route=\/wp\/v2\/posts\/234062\/revisions"}],"predecessor-version":[{"id":234063,"href":"https:\/\/reddeportiva.net\/principal\/index.php?rest_route=\/wp\/v2\/posts\/234062\/revisions\/234063"}],"wp:attachment":[{"href":"https:\/\/reddeportiva.net\/principal\/index.php?rest_route=%2Fwp%2Fv2%2Fmedia&parent=234062"}],"wp:term":[{"taxonomy":"category","embeddable":true,"href":"https:\/\/reddeportiva.net\/principal\/index.php?rest_route=%2Fwp%2Fv2%2Fcategories&post=234062"},{"taxonomy":"post_tag","embeddable":true,"href":"https:\/\/reddeportiva.net\/principal\/index.php?rest_route=%2Fwp%2Fv2%2Ftags&post=234062"}],"curies":[{"name":"wp","href":"https:\/\/api.w.org\/{rel}","templated":true}]}}